{"id":35156,"date":"2017-06-26T22:30:21","date_gmt":"2017-06-26T20:30:21","guid":{"rendered":"http:\/\/www.brennerbasisdemokratie.eu\/?p=35156"},"modified":"2023-04-26T14:26:32","modified_gmt":"2023-04-26T12:26:32","slug":"da-stockt-einem-der-atem-wobei-manchen-der-atem-stockt","status":"publish","type":"post","link":"https:\/\/www.brennerbasisdemokratie.eu\/?p=35156","title":{"rendered":"Da stockt einem der Atem, wobei manchen der Atem stockt."},"content":{"rendered":"<p>Es kann gut sein, dass ich mich jetzt bis auf die Knochen blamiere und morgen auf der <a title=\"\" href=\"https:\/\/www.buzzfeed.com\/philippjahner\/ehrliche-nachrichten?utm_term=.pi2NMbVaZ#.ebNAJNnwD\">Deppenseite<\/a> lande, weil ich Satire nicht als solche erkannt habe, aber ich riskier&#8217;s:<\/p>\n<p>In den <em>Dolomiten<\/em> ist heute ein &#8220;Vorausgeschickt&#8221; von Benno Z\u00f6ggeler erschienen, bei dem mir der Atem stockte. Da echauffiert man sich auf der Titelseite des <i>Tagblattes der S\u00fcdtiroler<\/i> doch tats\u00e4chlich dar\u00fcber, dass RAI S\u00fcdtirol in einer Heimatsendung einen Trentiner Senner vom Nonsberg* \u00fcber die K\u00e4seherstellung interviewte.<\/p>\n<blockquote><p>K\u00fcrzlich stockte mir der Atem, als ich minutenlang einen Senner aus Rumo im Trentino (!) \u00fcber die Geheimnisse der Erzeugung von Hartk\u00e4se (Grana Padano) erz\u00e4hlen h\u00f6rte. Was hat das mit S\u00fcdtirol zu tun?<\/p><\/blockquote>\n<p>RAI S\u00fcdtirol h\u00f6ren ist also gar nicht mal so ungef\u00e4hrlich und kann minutenlange Atemstillst\u00e4nde verursachen. Zwar nicht \u2014 wie bisher vermutet \u2014 aus Langeweile, sondern wegen der ungeheuerlichen Auswahl der Interviewpartner. Z\u00f6ggeler hat es gl\u00fccklicherweise \u00fcberlebt, um uns dar\u00fcber berichten zu k\u00f6nnen.<\/p>\n<p>Wohin soll das aber alles noch f\u00fchren? Aus gesicherter Quelle im Br\u00fcsseler Euregio-B\u00fcro habe ich geh\u00f6rt, dass die ORF-Sendung (Nord-)Tirol Heute demn\u00e4chst ein Feature \u00fcber die erfolgreichen BBT-Proteste in <a title=\"\" href=\"http:\/\/www.bbtinfo.eu\/bbt-news-la-finestra-a-vizze-non-sara-costruita\/\">Wiesen\/Pfitsch<\/a> machen m\u00f6chte. Dabei liegt Wiesen noch viel weiter hinter der Brennergrenze als Rumo von Proveis und Laurein entfernt ist.<\/p>\n<p>Erw\u00e4hnen muss man in diesem Zusammenhang auch, dass das MIT <i>(Massachusetts Institute of Technology)<\/i> in einer gro\u00dfangelegten Studie unl\u00e4ngst nachgewiesen hat, dass in zwei Laibern des <i>Grana Padano<\/i> aus Rumo Spuren original S\u00fcdtiroler Genmaterials gefunden wurden, da sich eine Trentiner Kuh einmal auf den Deutschnonsberg verirrt und dort original S\u00fcdtiroler Gras gefressen hat. Bei seiner R\u00fcckkehr verabs\u00e4umte es das Tier jedoch, die ursprungsbezeichnungswidrige Nahrungsaufnahme ordnungsgem\u00e4\u00df den Beh\u00f6rden zu melden, wodurch die mit S\u00fcdtiroler Genmaterial kontaminierte Milch in den Trentiner K\u00e4se gelangte.<\/p>\n<p>Doch damit nicht genug. S\u00fcdtirol im Allgemeinen und RAI S\u00fcdtirol im Speziellen wird n\u00e4mlich nicht blo\u00df vom S\u00fcden her bedroht, sondern auch von den Germanen aus dem Norden unterwandert.<\/p>\n<blockquote><p>Statt mit einem S\u00fcdtiroler Experten \u00fcber moslemisches Schlachten zu reden, wurde endlos nur ein bundesdeutscher Referent befragt &#8211; von einer bundesdeutschen Rai-Redakteurin.<\/p><\/blockquote>\n<p>V\u00f6llig unverst\u00e4ndlich, warum man nicht auf einen der zahllosen S\u00fcdtiroler Sch\u00e4chtexperten \u2014 zum Beispiel aus <a title=\"\" href=\"https:\/\/www.suedtirolnews.it\/chronik\/tierquaelerei-schaechtungen-im-vinschgau\">Graun im Oberen Vinschgau<\/a> \u2014 zur\u00fcckgegriffen hat.<\/p>\n<p>Einen Hinweis, wer hinter diesen perfiden Attacken auf die S\u00fcdtiroler Filterblase steckt, liefert Z\u00f6ggeler selbst. Und es sind nicht russische Hacker!<\/p>\n<blockquote><p>Die angebliche S\u00fcdtiroler Stimme des \u00f6ffentlich-rechtlichen Rundfunks klang einmal mehr &#8220;piefchinesisch&#8221;.<\/p><\/blockquote>\n<p>Die Chinesen rei\u00dfen sich also unser Land unter den Nagel. So wie die Deutschen in Felix Mitterers &#8220;Piefche Saga&#8221;.<\/p>\n<p><small><em>*) Ja, genau jener walsche Nonsberg, wo Andreas Hofer dereinst Italienisch lernte. Was hatte er dort \u00fcberhaupt zu suchen? Was hat der Nonsberg mit S\u00fcdtirol zu tun?<\/em><\/small><\/p>","protected":false},"excerpt":{"rendered":"<p>Es kann gut sein, dass ich mich jetzt bis auf die Knochen blamiere und morgen auf der Deppenseite lande, weil ich Satire nicht als solche erkannt habe, aber ich riskier&#8217;s: In den Dolomiten ist heute ein &#8220;Vorausgeschickt&#8221; von Benno Z\u00f6ggeler erschienen, bei dem mir der Atem stockte. Da echauffiert man sich auf der Titelseite des [&hellip;]<\/p>","protected":false},"author":8,"featured_media":0,"comment_status":"open","ping_status":"open","sticky":false,"template":"","format":"standard","meta":{"_crdt_document":"","ngg_post_thumbnail":0,"_jetpack_memberships_contains_paid_content":false,"footnotes":""},"categories":[1],"tags":[],"class_list":["post-35156","post","type-post","status-publish","format-standard","hentry","category-allgemein","entity-euregio","issue-zitac","location-sudtirolo","location-trentino","language-deutsch","medium-dolo","medium-rai","topic-grenzen","topic-landwirtschaft","topic-medien","topic-satire"],"jetpack_featured_media_url":"","jetpack_sharing_enabled":true,"_links":{"self":[{"href":"https:\/\/www.brennerbasisdemokratie.eu\/index.php?rest_route=\/wp\/v2\/posts\/35156","targetHints":{"allow":["GET"]}}],"collection":[{"href":"https:\/\/www.brennerbasisdemokratie.eu\/index.php?rest_route=\/wp\/v2\/posts"}],"about":[{"href":"https:\/\/www.brennerbasisdemokratie.eu\/index.php?rest_route=\/wp\/v2\/types\/post"}],"author":[{"embeddable":true,"href":"https:\/\/www.brennerbasisdemokratie.eu\/index.php?rest_route=\/wp\/v2\/users\/8"}],"replies":[{"embeddable":true,"href":"https:\/\/www.brennerbasisdemokratie.eu\/index.php?rest_route=%2Fwp%2Fv2%2Fcomments&post=35156"}],"version-history":[{"count":12,"href":"https:\/\/www.brennerbasisdemokratie.eu\/index.php?rest_route=\/wp\/v2\/posts\/35156\/revisions"}],"predecessor-version":[{"id":78057,"href":"https:\/\/www.brennerbasisdemokratie.eu\/index.php?rest_route=\/wp\/v2\/posts\/35156\/revisions\/78057"}],"wp:attachment":[{"href":"https:\/\/www.brennerbasisdemokratie.eu\/index.php?rest_route=%2Fwp%2Fv2%2Fmedia&parent=35156"}],"wp:term":[{"taxonomy":"category","embeddable":true,"href":"https:\/\/www.brennerbasisdemokratie.eu\/index.php?rest_route=%2Fwp%2Fv2%2Fcategories&post=35156"},{"taxonomy":"post_tag","embeddable":true,"href":"https:\/\/www.brennerbasisdemokratie.eu\/index.php?rest_route=%2Fwp%2Fv2%2Ftags&post=35156"}],"curies":[{"name":"wp","href":"https:\/\/api.w.org\/{rel}","templated":true}]}}