{"id":35644,"date":"2017-07-21T09:18:19","date_gmt":"2017-07-21T07:18:19","guid":{"rendered":"http:\/\/www.brennerbasisdemokratie.eu\/?p=35644"},"modified":"2021-10-27T17:47:54","modified_gmt":"2021-10-27T15:47:54","slug":"heimische-neonazis-in-themar","status":"publish","type":"post","link":"https:\/\/www.brennerbasisdemokratie.eu\/?p=35644","title":{"rendered":"Heimische Neonazis in Themar."},"content":{"rendered":"<p>Am 15. Juli fand in Themar (Th\u00fcringen) das Neonazikonzert <em>\u00bbRock gegen \u00dcberfremdung\u00ab<\/em> statt, das rund 6.000 Teilnehmerinnen aus der rechtsextremen Szene anzog. Wie <em>Indymedia<\/em> und die <a class=\"external external_icon\" title=\"Antifa Meran: S\u00fcdtiroler bei gr\u00f6\u00dftem\u2026\" href=\"http:\/\/antifameran.blogspot.it\/2017\/07\/pm-sudtiroler-bei-grotem-treffen-der.html\" target=\"_blank\" rel=\"noopener nofollow\"><em>Antifa Meran<\/em><\/a> berichten, waren auch knapp 30 S\u00fcdtiroler Rechtsradikale dabei, die dem Raum Vinschgau-Burggrafenamt zuordenbar sind. Der Bericht von <em>Indymedia<\/em> folgt dabei der (rechtlich heiklen) Logik des sogenannten <em>\u00bbOutings\u00ab<\/em> und beinhaltet neben Fotos auch die vollst\u00e4ndigen Namen und Wohnorte der identifizierten Neonazis. Die italienische \u00bbPolitpolizei\u00ab <em>Digos<\/em> soll die Liste Medienberichten zufolge bereits ausgewertet und in ihre Arbeit einflie\u00dfen lassen haben.<\/p>\n<p>Dass auch S\u00fcdtiroler Neonazis (sowohl deutscher als auch italienischer Sprache) an der gr\u00f6\u00dften rechtsradikalen Veranstaltung im deutschen Sprachraum teilgenommen haben, zeigt auf besorgniserregende Weise, dass es sich dabei nicht um eine versprengte Gruppe isolierter und \u00bbharmloser\u00ab Anh\u00e4ngerinnen extremistischer Positionen handelt, sondern um Personen, die sowohl den Willen und die F\u00e4higkeit haben, sich international zu vernetzen, um ihre Ziele umzusetzen, als auch gewillt sind, \u00f6ffentlich in Erscheinung zu treten und an politischen Machtdemonstrationen wie jener in Themar teilzunehmen.<\/p>\n<p><strong><span style=\"font-family: Helvetica, Arial, sans-serif; text-transform: uppercase;\">C\u00ebla enghe:<\/span><\/strong> <a title=\"Neonazi-Gewalt vor Lananer Disco.\" href=\"http:\/\/www.brennerbasisdemokratie.eu\/?p=29471\"><code>01<\/code><\/a> <a title=\"Fiore-Meenen, Achse Berlin-Rom.\" href=\"http:\/\/www.brennerbasisdemokratie.eu\/?p=27789\"><code>02<\/code><\/a> <a title=\"Gegen Nazi-Einsch\u00fcchterung.\" href=\"http:\/\/www.brennerbasisdemokratie.eu\/?p=1344\"><code>03<\/code><\/a><\/p>","protected":false},"excerpt":{"rendered":"<p>Am 15. Juli fand in Themar (Th\u00fcringen) das Neonazikonzert \u00bbRock gegen \u00dcberfremdung\u00ab statt, das rund 6.000 Teilnehmerinnen aus der rechtsextremen Szene anzog. Wie Indymedia und die Antifa Meran berichten, waren auch knapp 30 S\u00fcdtiroler Rechtsradikale dabei, die dem Raum Vinschgau-Burggrafenamt zuordenbar sind. Der Bericht von Indymedia folgt dabei der (rechtlich heiklen) Logik des sogenannten \u00bbOutings\u00ab [&hellip;]<\/p>","protected":false},"author":1,"featured_media":0,"comment_status":"open","ping_status":"open","sticky":false,"template":"","format":"standard","meta":{"_crdt_document":"","ngg_post_thumbnail":0,"_jetpack_memberships_contains_paid_content":false,"footnotes":""},"categories":[1],"tags":[],"class_list":["post-35644","post","type-post","status-publish","format-standard","hentry","category-allgemein","entity-antifa-meran","location-deutschland","location-sudtirolo","language-deutsch","topic-faschismen","topic-medien","topic-migraziun","topic-politik","topic-polizei"],"jetpack_featured_media_url":"","jetpack_sharing_enabled":true,"_links":{"self":[{"href":"https:\/\/www.brennerbasisdemokratie.eu\/index.php?rest_route=\/wp\/v2\/posts\/35644","targetHints":{"allow":["GET"]}}],"collection":[{"href":"https:\/\/www.brennerbasisdemokratie.eu\/index.php?rest_route=\/wp\/v2\/posts"}],"about":[{"href":"https:\/\/www.brennerbasisdemokratie.eu\/index.php?rest_route=\/wp\/v2\/types\/post"}],"author":[{"embeddable":true,"href":"https:\/\/www.brennerbasisdemokratie.eu\/index.php?rest_route=\/wp\/v2\/users\/1"}],"replies":[{"embeddable":true,"href":"https:\/\/www.brennerbasisdemokratie.eu\/index.php?rest_route=%2Fwp%2Fv2%2Fcomments&post=35644"}],"version-history":[{"count":1,"href":"https:\/\/www.brennerbasisdemokratie.eu\/index.php?rest_route=\/wp\/v2\/posts\/35644\/revisions"}],"predecessor-version":[{"id":68829,"href":"https:\/\/www.brennerbasisdemokratie.eu\/index.php?rest_route=\/wp\/v2\/posts\/35644\/revisions\/68829"}],"wp:attachment":[{"href":"https:\/\/www.brennerbasisdemokratie.eu\/index.php?rest_route=%2Fwp%2Fv2%2Fmedia&parent=35644"}],"wp:term":[{"taxonomy":"category","embeddable":true,"href":"https:\/\/www.brennerbasisdemokratie.eu\/index.php?rest_route=%2Fwp%2Fv2%2Fcategories&post=35644"},{"taxonomy":"post_tag","embeddable":true,"href":"https:\/\/www.brennerbasisdemokratie.eu\/index.php?rest_route=%2Fwp%2Fv2%2Ftags&post=35644"}],"curies":[{"name":"wp","href":"https:\/\/api.w.org\/{rel}","templated":true}]}}