{"id":35943,"date":"2017-08-16T21:05:40","date_gmt":"2017-08-16T19:05:40","guid":{"rendered":"http:\/\/www.brennerbasisdemokratie.eu\/?p=35943"},"modified":"2020-08-28T11:37:45","modified_gmt":"2020-08-28T09:37:45","slug":"gute-sprachkenntnissen-werden-verlangen","status":"publish","type":"post","link":"https:\/\/www.brennerbasisdemokratie.eu\/?p=35943","title":{"rendered":"Gute Sprachkenntnissen werden verlangen."},"content":{"rendered":"<p>Am Schwarzen Brett eines \u00f6ffentlichen Geb\u00e4udes in Brixen bin ich heute auf folgende (zweisprachige) \u00bbStellenausschreibung\u00ab gesto\u00dfen:<\/p>\n<blockquote><p>Wir suchen einen SAUNA-MITARBEITER ab sofort f\u00fcr Balneum in Sterzing<\/p>\n<p>Es werden guten Italienisch- und Deutschkenntnissen verlangen. Man soll sich um die Sauna, den Caf\u00e9 und die Aufg\u00fcsse k\u00fcmmern.<br \/>\nMan bietet einen Part-Time-Vertrag (10-15 Stunden pro Woche als Schichtarbeit), inklusiv von Wochenenden und Feiertagen. Vertrag CCNL 2010\/2012, Rang nach der Arbeitserfahrung zu sch\u00e4tzen.<br \/>\nDie Kandidatur soll bei E-Mail an personale@socialwork.coop geschickt werden.<\/p><\/blockquote>\n<p>Wie! ist! sowas! m\u00f6glich? Ist es verwunderlich, wenn das so gefundene Personal die deutsche Sprache nicht ernstnimmt oder erst gar nicht beherrscht? Wieviele solcher F\u00e4lle sollen wir noch aufdecken, bevor in diesem Land irgendjemand, die oder der sich daf\u00fcr verantwortlich h\u00e4lt, aus dem Tiefschlaf erwacht?<\/p>\n<p><strong>Nachtrag:<\/strong> Der Text wurde auch in der <em>ff<\/em>-Rubrik <em>Abseits<\/em> abgedruckt.<\/p>\n<p><strong><span style=\"font-family: Helvetica, Arial, sans-serif; text-transform: uppercase;\">C\u00ebla enghe:<\/span><\/strong> <a title=\"Nimmt man beim Arsch?\" href=\"http:\/\/www.brennerbasisdemokratie.eu\/?p=26524\"><code>01<\/code><\/a> <a title=\"Ab in die\u2026 \u00bbSebstst\u00e4ndigkeit\u00ab.\" href=\"http:\/\/www.brennerbasisdemokratie.eu\/?p=35826\"><code>02<\/code><\/a> <a title=\"Franceschinis Erfahrung mit Alibideutsch.\" href=\"http:\/\/www.brennerbasisdemokratie.eu\/?p=27571\"><code>03<\/code><\/a> <a title=\"i-Faber: Zahlen per Briefmarke.\" href=\"http:\/\/www.brennerbasisdemokratie.eu\/?p=29460\"><code>04<\/code><\/a> <a title=\"Post national.\" href=\"http:\/\/www.brennerbasisdemokratie.eu\/?p=22459\"><code>05<\/code><\/a> <a title=\"Das Land braucht eine (echte) Sprachstelle!\" href=\"http:\/\/www.brennerbasisdemokratie.eu\/?p=34390\"><code>06<\/code><\/a><\/p>","protected":false},"excerpt":{"rendered":"<p>Am Schwarzen Brett eines \u00f6ffentlichen Geb\u00e4udes in Brixen bin ich heute auf folgende (zweisprachige) \u00bbStellenausschreibung\u00ab gesto\u00dfen: Wir suchen einen SAUNA-MITARBEITER ab sofort f\u00fcr Balneum in Sterzing Es werden guten Italienisch- und Deutschkenntnissen verlangen. Man soll sich um die Sauna, den Caf\u00e9 und die Aufg\u00fcsse k\u00fcmmern. Man bietet einen Part-Time-Vertrag (10-15 Stunden pro Woche als Schichtarbeit), [&hellip;]<\/p>","protected":false},"author":1,"featured_media":0,"comment_status":"open","ping_status":"open","sticky":false,"template":"","format":"standard","meta":{"_crdt_document":"","ngg_post_thumbnail":0,"_jetpack_memberships_contains_paid_content":false,"footnotes":""},"categories":[1],"tags":[],"class_list":["post-35943","post","type-post","status-publish","format-standard","hentry","category-allgemein","issue-afk","issue-zitac","language-deutsch","medium-ff","topic-discriminaziun","topic-plurilinguism","topic-sprachpfusch","topic-vorzeigeautonomie"],"jetpack_featured_media_url":"","jetpack_sharing_enabled":true,"_links":{"self":[{"href":"https:\/\/www.brennerbasisdemokratie.eu\/index.php?rest_route=\/wp\/v2\/posts\/35943","targetHints":{"allow":["GET"]}}],"collection":[{"href":"https:\/\/www.brennerbasisdemokratie.eu\/index.php?rest_route=\/wp\/v2\/posts"}],"about":[{"href":"https:\/\/www.brennerbasisdemokratie.eu\/index.php?rest_route=\/wp\/v2\/types\/post"}],"author":[{"embeddable":true,"href":"https:\/\/www.brennerbasisdemokratie.eu\/index.php?rest_route=\/wp\/v2\/users\/1"}],"replies":[{"embeddable":true,"href":"https:\/\/www.brennerbasisdemokratie.eu\/index.php?rest_route=%2Fwp%2Fv2%2Fcomments&post=35943"}],"version-history":[{"count":4,"href":"https:\/\/www.brennerbasisdemokratie.eu\/index.php?rest_route=\/wp\/v2\/posts\/35943\/revisions"}],"predecessor-version":[{"id":59977,"href":"https:\/\/www.brennerbasisdemokratie.eu\/index.php?rest_route=\/wp\/v2\/posts\/35943\/revisions\/59977"}],"wp:attachment":[{"href":"https:\/\/www.brennerbasisdemokratie.eu\/index.php?rest_route=%2Fwp%2Fv2%2Fmedia&parent=35943"}],"wp:term":[{"taxonomy":"category","embeddable":true,"href":"https:\/\/www.brennerbasisdemokratie.eu\/index.php?rest_route=%2Fwp%2Fv2%2Fcategories&post=35943"},{"taxonomy":"post_tag","embeddable":true,"href":"https:\/\/www.brennerbasisdemokratie.eu\/index.php?rest_route=%2Fwp%2Fv2%2Ftags&post=35943"}],"curies":[{"name":"wp","href":"https:\/\/api.w.org\/{rel}","templated":true}]}}