{"id":35949,"date":"2017-08-18T23:55:31","date_gmt":"2017-08-18T21:55:31","guid":{"rendered":"http:\/\/www.brennerbasisdemokratie.eu\/?p=35949"},"modified":"2022-01-12T17:03:33","modified_gmt":"2022-01-12T16:03:33","slug":"kohasion-und-prinzipien-in-schweren-zeiten","status":"publish","type":"post","link":"https:\/\/www.brennerbasisdemokratie.eu\/?p=35949","title":{"rendered":"Koh\u00e4sion und Prinzipien in schweren Zeiten."},"content":{"rendered":"<p>Nach den Anschl\u00e4gen in Barcelona und Cambrils sind in Katalonien einige interessante Dinge passiert, die mir hier erw\u00e4hnenswert scheinen. Nicht nur, dass der katalanische Pr\u00e4sident Puigdemont und die B\u00fcrgermeisterin von Barcelona, Ada Colau, den inzwischen \u00fcblichen Durchhalteparolen ausdr\u00fccklich hinzuf\u00fcgen wollten, <a title=\"Quotation (383): Pace e accoglienza.\" href=\"http:\/\/www.brennerbasisdemokratie.eu\/?p=35947\">dass Katalonien und Barcelona weiterhin Einwanderungsland bleiben<\/a> werden.<\/p>\n<p>Dar\u00fcberhinaus scheint zum Beispiel auch der Umgang mit medialer Sensationsgeilheit anders zu sein: Zahlreiche Gemeinden des Landes k\u00fcndigten \u00fcber die sozialen Medien an, Abonnements von Zeitungen, die heute allzu krude Bilder der Anschl\u00e4ge und Opfer ver\u00f6ffentlicht hatten, aus Protest k\u00fcndigen zu wollen. Die Rede war insbesondere von <em>La Vanguardia, El Periodico<\/em> und <em>El Mundo.\u00a0<\/em>Zeitungsh\u00e4ndlerinnen sowie die katalanische Supermarktkette <em>Caprabo<\/em> weigerten sich, genannte Bl\u00e4tter zu verkaufen und verzichteten lieber auf Teile ihrer Einnahmen. Zudem teilte das Departement f\u00fcr Arbeit und Soziales \u00fcber die Generaldirektion f\u00fcr Kinder- und Jugendschutz der katalanischen Regierung mit, dass es im Sinne von Artikel 16 der UN-Kinderrechtskonvention die (bereits erfolgte oder k\u00fcnftige) Ver\u00f6ffentlichung von Bildern, die tote und verletzte Kinder zeigen, ausnahmslos gerichtlich verfolgen werde.<\/p>\n<p>Der katalanische Innenminister Joaquim Forn lehnte es derweil ab, die von Madrid vorgeschlagene Unterst\u00fctzung der katalanischen Landespolizei <em>(Mossos d\u2019Esquadra)<\/em> durch das Heer in Betracht zu ziehen \u2014 eine Ma\u00dfnahme, die er als nutzlos bezeichnete.<\/p>\n<p>Nicht zuletzt isolierten und vertrieben Teilnehmerinnen einer Gedenkveranstaltung im Zentrum von Barcelona rechtsextreme Trittbrettfahrer der Bewegung <em>Plataforma per Catalunya<\/em>. Stattdessen boten sich mit dem Hashtag <em>#yoteacompa\u00f1o<\/em>\u00a0spontan Hunderte an, Musliminnen zu treffen und zu begleiten, um sie vor etwaigen Repressalien zu besch\u00fctzen.<\/p>\n<p><strong><span style=\"font-family: Helvetica, Arial, sans-serif; text-transform: uppercase;\">C\u00ebla enghe:<\/span><\/strong> <a title=\"Katalonien hat wie ein Staat agiert.\" href=\"https:\/\/www.brennerbasisdemokratie.eu\/?p=35984\" rel=\"\"><span style=\"color: #ff8c00\"><code>01<\/code><\/span><\/a><\/p>","protected":false},"excerpt":{"rendered":"<p>Nach den Anschl\u00e4gen in Barcelona und Cambrils sind in Katalonien einige interessante Dinge passiert, die mir hier erw\u00e4hnenswert scheinen. Nicht nur, dass der katalanische Pr\u00e4sident Puigdemont und die B\u00fcrgermeisterin von Barcelona, Ada Colau, den inzwischen \u00fcblichen Durchhalteparolen ausdr\u00fccklich hinzuf\u00fcgen wollten, dass Katalonien und Barcelona weiterhin Einwanderungsland bleiben werden. Dar\u00fcberhinaus scheint zum Beispiel auch der Umgang [&hellip;]<\/p>","protected":false},"author":1,"featured_media":0,"comment_status":"open","ping_status":"open","sticky":false,"template":"","format":"standard","meta":{"_crdt_document":"","ngg_post_thumbnail":0,"_jetpack_memberships_contains_paid_content":false,"footnotes":""},"categories":[1],"tags":[],"class_list":["post-35949","post","type-post","status-publish","format-standard","hentry","category-allgemein","location-catalunya","language-deutsch","medium-socialmedia","person-ada-colau","person-carles-puigdemont","topic-grundrechte","topic-kohasion","topic-medien","topic-migraziun","topic-militar","topic-politik","topic-sicherheit"],"jetpack_featured_media_url":"","jetpack_sharing_enabled":true,"_links":{"self":[{"href":"https:\/\/www.brennerbasisdemokratie.eu\/index.php?rest_route=\/wp\/v2\/posts\/35949","targetHints":{"allow":["GET"]}}],"collection":[{"href":"https:\/\/www.brennerbasisdemokratie.eu\/index.php?rest_route=\/wp\/v2\/posts"}],"about":[{"href":"https:\/\/www.brennerbasisdemokratie.eu\/index.php?rest_route=\/wp\/v2\/types\/post"}],"author":[{"embeddable":true,"href":"https:\/\/www.brennerbasisdemokratie.eu\/index.php?rest_route=\/wp\/v2\/users\/1"}],"replies":[{"embeddable":true,"href":"https:\/\/www.brennerbasisdemokratie.eu\/index.php?rest_route=%2Fwp%2Fv2%2Fcomments&post=35949"}],"version-history":[{"count":2,"href":"https:\/\/www.brennerbasisdemokratie.eu\/index.php?rest_route=\/wp\/v2\/posts\/35949\/revisions"}],"predecessor-version":[{"id":70328,"href":"https:\/\/www.brennerbasisdemokratie.eu\/index.php?rest_route=\/wp\/v2\/posts\/35949\/revisions\/70328"}],"wp:attachment":[{"href":"https:\/\/www.brennerbasisdemokratie.eu\/index.php?rest_route=%2Fwp%2Fv2%2Fmedia&parent=35949"}],"wp:term":[{"taxonomy":"category","embeddable":true,"href":"https:\/\/www.brennerbasisdemokratie.eu\/index.php?rest_route=%2Fwp%2Fv2%2Fcategories&post=35949"},{"taxonomy":"post_tag","embeddable":true,"href":"https:\/\/www.brennerbasisdemokratie.eu\/index.php?rest_route=%2Fwp%2Fv2%2Ftags&post=35949"}],"curies":[{"name":"wp","href":"https:\/\/api.w.org\/{rel}","templated":true}]}}