{"id":35999,"date":"2017-08-24T14:06:34","date_gmt":"2017-08-24T12:06:34","guid":{"rendered":"http:\/\/www.brennerbasisdemokratie.eu\/?p=35999"},"modified":"2025-07-29T09:31:17","modified_gmt":"2025-07-29T07:31:17","slug":"feiges-deutsches-kraut-am-virgl","status":"publish","type":"post","link":"https:\/\/www.brennerbasisdemokratie.eu\/?p=35999","title":{"rendered":"Feiges deutsches Kraut am Virgl."},"content":{"rendered":"<p>W\u00e4hrend in den USA zurzeit Denkm\u00e4ler und Statuen der Konf\u00f6deration <a title=\"USA: Monumente m\u00fcssen weichen.\" href=\"http:\/\/www.brennerbasisdemokratie.eu\/?p=35960\">abgerissen werden<\/a>, hat eine <a title=\"Bedrohte Medienvielfalt.\" href=\"http:\/\/www.brennerbasisdemokratie.eu\/?p=35861\">gem\u00e4\u00dfigte<\/a> S\u00fcdtiroler Tageszeitung ganz andere Sorgen: Wie wir heute erfahren, hat sich n\u00e4mlich feindliches Efeu erdreistet, einen Adler samt faschistischem Liktorenb\u00fcndel am S\u00fcdportal des Virgltunnels zu \u00fcberwuchern!<\/p>\n<blockquote><p>Un simbolo della potenza del regime, che vigilava sull\u2019accesso ai confini di Stato.<\/p>\n<p><em>\u2014 A. Adige<\/em><\/p><\/blockquote>\n<p><a title=\"Siegesdenkmal: Ein bisschen Selbstbetrug?\" href=\"http:\/\/www.brennerbasisdemokratie.eu\/?p=35938\">Mutigst<\/a> ruft der gem\u00e4\u00dfigte Stadtviertelrat Kevin Morghen <em>(Uniti per Bolzano)<\/em> die Stadtg\u00e4rtnerei auf, den Adler von dem deutschen Kraut zu befreien und somit an der Virglgrenze wieder Ordnung herzustellen. K\u00f6nnen sich die Amis <a title=\"Kommentar: Leitartikel Ferruccio Cumer.\" href=\"http:\/\/www.brennerbasisdemokratie.eu\/?p=35960#comment-3480918772\">wieder was bei uns abschauen.<\/a><\/p>\n<p><strong><span style=\"font-family: Helvetica, Arial, sans-serif; text-transform: uppercase;\">C\u00ebla enghe:<\/span><\/strong> <a title=\"Klimawandel gegen Rechts.\" href=\"https:\/\/www.brennerbasisdemokratie.eu\/?p=36024\"><span style=\"color: #ff8c00\"><code>01<\/code><\/span><\/a> <a title=\"Historisierung mit dem Schremmhammer.\" href=\"https:\/\/www.brennerbasisdemokratie.eu\/?p=57592\"><span style=\"color: #ff8c00\"><code>02<\/code><\/span><\/a> <a title=\"Faschismus: 80 Jahre Verharmlosung.\" href=\"https:\/\/www.brennerbasisdemokratie.eu\/?p=93654\"><span style=\"color: #ff8c00\"><code>03<\/code><\/span><\/a><\/p>","protected":false},"excerpt":{"rendered":"<p>W\u00e4hrend in den USA zurzeit Denkm\u00e4ler und Statuen der Konf\u00f6deration abgerissen werden, hat eine gem\u00e4\u00dfigte S\u00fcdtiroler Tageszeitung ganz andere Sorgen: Wie wir heute erfahren, hat sich n\u00e4mlich feindliches Efeu erdreistet, einen Adler samt faschistischem Liktorenb\u00fcndel am S\u00fcdportal des Virgltunnels zu \u00fcberwuchern! Un simbolo della potenza del regime, che vigilava sull\u2019accesso ai confini di Stato. \u2014 [&hellip;]<\/p>","protected":false},"author":1,"featured_media":0,"comment_status":"open","ping_status":"open","sticky":false,"template":"","format":"standard","meta":{"_crdt_document":"","ngg_post_thumbnail":0,"_jetpack_memberships_contains_paid_content":false,"footnotes":""},"categories":[1],"tags":[],"class_list":["post-35999","post","type-post","status-publish","format-standard","hentry","category-allgemein","entity-pdl","issue-faschistische-relikte","issue-zitac","location-sudtirolo","location-usa","language-deutsch","language-italiano","medium-aa","topic-faschismen","topic-geschichte","topic-medien","topic-politik","topic-satire"],"jetpack_featured_media_url":"","jetpack_sharing_enabled":true,"_links":{"self":[{"href":"https:\/\/www.brennerbasisdemokratie.eu\/index.php?rest_route=\/wp\/v2\/posts\/35999","targetHints":{"allow":["GET"]}}],"collection":[{"href":"https:\/\/www.brennerbasisdemokratie.eu\/index.php?rest_route=\/wp\/v2\/posts"}],"about":[{"href":"https:\/\/www.brennerbasisdemokratie.eu\/index.php?rest_route=\/wp\/v2\/types\/post"}],"author":[{"embeddable":true,"href":"https:\/\/www.brennerbasisdemokratie.eu\/index.php?rest_route=\/wp\/v2\/users\/1"}],"replies":[{"embeddable":true,"href":"https:\/\/www.brennerbasisdemokratie.eu\/index.php?rest_route=%2Fwp%2Fv2%2Fcomments&post=35999"}],"version-history":[{"count":7,"href":"https:\/\/www.brennerbasisdemokratie.eu\/index.php?rest_route=\/wp\/v2\/posts\/35999\/revisions"}],"predecessor-version":[{"id":93681,"href":"https:\/\/www.brennerbasisdemokratie.eu\/index.php?rest_route=\/wp\/v2\/posts\/35999\/revisions\/93681"}],"wp:attachment":[{"href":"https:\/\/www.brennerbasisdemokratie.eu\/index.php?rest_route=%2Fwp%2Fv2%2Fmedia&parent=35999"}],"wp:term":[{"taxonomy":"category","embeddable":true,"href":"https:\/\/www.brennerbasisdemokratie.eu\/index.php?rest_route=%2Fwp%2Fv2%2Fcategories&post=35999"},{"taxonomy":"post_tag","embeddable":true,"href":"https:\/\/www.brennerbasisdemokratie.eu\/index.php?rest_route=%2Fwp%2Fv2%2Ftags&post=35999"}],"curies":[{"name":"wp","href":"https:\/\/api.w.org\/{rel}","templated":true}]}}