{"id":3604,"date":"2009-11-13T13:05:47","date_gmt":"2009-11-13T12:05:47","guid":{"rendered":"http:\/\/www.brennerbasisdemokratie.eu\/?p=3604"},"modified":"2022-12-13T22:13:56","modified_gmt":"2022-12-13T21:13:56","slug":"landesreferenda-auf-ladinisch","status":"publish","type":"post","link":"https:\/\/www.brennerbasisdemokratie.eu\/?p=3604","title":{"rendered":"Landesreferenda auf Ladinisch."},"content":{"rendered":"<p>In S\u00fcdtirol muss immer von neuem f\u00fcr Rechte gek\u00e4mpft werden, die eigentlich l\u00e4ngst selbstverst\u00e4ndlich sein sollten \u2014 und das ist derart m\u00fchsam, dass man oft mittelfristig ganz aufgibt. Die Erm\u00fcdungstaktik steckt denn wohl des \u00d6fteren bewusst hinter den immer wieder festzustellenden Unzul\u00e4nglichkeiten. Bei den k\u00fcrzlich abgehaltenen Landesreferenda hat es die Ladinerinnen erwischt, die ihre Sprache auf den Stimmzetteln vergeblich gesucht haben, obwohl die Fragestellungen bei staatsweiten Befragungen meist dreisprachig abgedruckt sind.<\/p>\n<p>Erst jetzt hat sich die Landesregierung auf Druck der Partei <em>Ladins Dolomites<\/em> nachtr\u00e4glich daf\u00fcr ausgesprochen, bei kommenden Befragungen auch die kleinste Sprachgruppe zu ber\u00fccksichtigen. Dies bleibt jedoch auf die ladinischen T\u00e4ler beschr\u00e4nkt. Die <em><abbr title=\"S\u00fcdtiroler Volkspartei\">SVP<\/abbr> Ladina<\/em> hatte sich bei der Verabschiedung des Landesgesetzes zur direkten Demokratie ganz offensichtlich nicht f\u00fcr die Ber\u00fccksichtigung der ladinischen Sprache eingesetzt. Fragt sich noch, mit welcher Begr\u00fcndung sich die <em>Volkspartei<\/em> als Vertretung der ladinischen Minderheit definiert.<\/p>\n<p><strong><span style=\"font-family: Helvetica, Arial, sans-serif; text-transform: uppercase;\">C\u00ebla enghe:<\/span><\/strong> <a title=\"Wahlzettelwirtschaft.\" href=\"https:\/\/www.brennerbasisdemokratie.eu\/?p=43286\"><span style=\"color: #ff8c00\"><code>01<\/code><\/span><\/a><\/p>","protected":false},"excerpt":{"rendered":"<p>In S\u00fcdtirol muss immer von neuem f\u00fcr Rechte gek\u00e4mpft werden, die eigentlich l\u00e4ngst selbstverst\u00e4ndlich sein sollten \u2014 und das ist derart m\u00fchsam, dass man oft mittelfristig ganz aufgibt. Die Erm\u00fcdungstaktik steckt denn wohl des \u00d6fteren bewusst hinter den immer wieder festzustellenden Unzul\u00e4nglichkeiten. Bei den k\u00fcrzlich abgehaltenen Landesreferenda hat es die Ladinerinnen erwischt, die ihre Sprache [&hellip;]<\/p>","protected":false},"author":1,"featured_media":0,"comment_status":"open","ping_status":"open","sticky":false,"template":"","format":"standard","meta":{"_crdt_document":"","ngg_post_thumbnail":0,"_jetpack_memberships_contains_paid_content":false,"footnotes":""},"categories":[1],"tags":[],"class_list":["post-3604","post","type-post","status-publish","format-standard","hentry","category-allgemein","entity-ladins","entity-svp","issue-landesvolksabstimmung-2009","location-ladinia","location-sudtirolo","language-deutsch","topic-democrazia","topic-minderheitenschutz","topic-mitbestimmung","topic-plurilinguism","topic-politik"],"jetpack_featured_media_url":"","jetpack_sharing_enabled":true,"_links":{"self":[{"href":"https:\/\/www.brennerbasisdemokratie.eu\/index.php?rest_route=\/wp\/v2\/posts\/3604","targetHints":{"allow":["GET"]}}],"collection":[{"href":"https:\/\/www.brennerbasisdemokratie.eu\/index.php?rest_route=\/wp\/v2\/posts"}],"about":[{"href":"https:\/\/www.brennerbasisdemokratie.eu\/index.php?rest_route=\/wp\/v2\/types\/post"}],"author":[{"embeddable":true,"href":"https:\/\/www.brennerbasisdemokratie.eu\/index.php?rest_route=\/wp\/v2\/users\/1"}],"replies":[{"embeddable":true,"href":"https:\/\/www.brennerbasisdemokratie.eu\/index.php?rest_route=%2Fwp%2Fv2%2Fcomments&post=3604"}],"version-history":[{"count":9,"href":"https:\/\/www.brennerbasisdemokratie.eu\/index.php?rest_route=\/wp\/v2\/posts\/3604\/revisions"}],"predecessor-version":[{"id":75177,"href":"https:\/\/www.brennerbasisdemokratie.eu\/index.php?rest_route=\/wp\/v2\/posts\/3604\/revisions\/75177"}],"wp:attachment":[{"href":"https:\/\/www.brennerbasisdemokratie.eu\/index.php?rest_route=%2Fwp%2Fv2%2Fmedia&parent=3604"}],"wp:term":[{"taxonomy":"category","embeddable":true,"href":"https:\/\/www.brennerbasisdemokratie.eu\/index.php?rest_route=%2Fwp%2Fv2%2Fcategories&post=3604"},{"taxonomy":"post_tag","embeddable":true,"href":"https:\/\/www.brennerbasisdemokratie.eu\/index.php?rest_route=%2Fwp%2Fv2%2Ftags&post=3604"}],"curies":[{"name":"wp","href":"https:\/\/api.w.org\/{rel}","templated":true}]}}