{"id":36119,"date":"2017-09-06T19:13:04","date_gmt":"2017-09-06T17:13:04","guid":{"rendered":"https:\/\/www.brennerbasisdemokratie.eu\/?p=68820"},"modified":"2023-05-20T23:13:51","modified_gmt":"2023-05-20T21:13:51","slug":"katalanisches-entscheidungsrecht-im-parlament","status":"publish","type":"post","link":"https:\/\/www.brennerbasisdemokratie.eu\/?p=36119","title":{"rendered":"Katalanisches Entscheidungsrecht im Parlament."},"content":{"rendered":"<p>Mit einem umstrittenenen beschleunigten Verfahren will die Parlamentsmehrheit, bestehend aus der <em>Junts-pel-S\u00ed<\/em>-Fraktion (PDeCAT+ERC) und <em>Candidatura d\u2019Unitat Popular<\/em> (CUP), heute das Gesetz verabschieden, das die Grundlage f\u00fcr die <a title=\"Katalanisches Referendum am 1. Oktober.\" href=\"http:\/\/www.brennerbasisdemokratie.eu\/?p=34934\">Abhaltung des katalanischen Unabh\u00e4ngigkeitsreferendums vom 1. Oktober<\/a> bilden soll. W\u00e4hrend die rechte Volkspartei (<abbr title=\"Partido Popular\">PP<\/abbr>), <em>Ciudadanos<\/em> (C\u2019s) und die Sozialisten ihre Gegnerschaft angek\u00fcndigt haben, d\u00fcrfte es in der linken Fraktion von <em>Catalunya s\u00ed que es pot<\/em> (CSQP) zu einem differenzierten Abstimmungsverhalten kommen, da sich die zugrundeliegenden Parteien nicht einig sind.<\/p>\n<p>Derweil drohte die spanische Regierung heute schon mit harten Gegenma\u00dfnahmen. Die <a title=\"Catalogna, Civati solidale con Forcadell.\" href=\"http:\/\/www.brennerbasisdemokratie.eu\/?p=33191\">bereits angeklagte<\/a> Parlamentspr\u00e4sidentin Carme Forcadell soll genauso angezeigt werden wie das gesamte Parlamentspr\u00e4sidium, das der Behandlung des Gesetzentwurfs zugestimmt hatte. Die stellvertretende spanische Ministerpr\u00e4sidentin S\u00e1enz de Santamar\u00eda (PP) bemerkte, dass heute die Demokratie gestorben sei.<\/p>\n<p>Bis zum 25. September \u2014 also kaum zuf\u00e4llig wenige Tage vor dem geplanten Abstimmungstermin \u2014 m\u00fcssen <a title=\"9N: Mas, Ortega und Rigau verurteilt.\" href=\"http:\/\/www.brennerbasisdemokratie.eu\/?p=34011\">die \u00bbVerantwortlichen\u00ab der nicht bindenden Abstimmung vom 9. November 2014<\/a>, darunter der katalanische Ex-Pr\u00e4sident Artur Mas, beim spanischen Rechnungshof eine Kaution in H\u00f6he von f\u00fcnf Millionen Euro hinterlegen. Andernfalls soll Privatverm\u00f6gen der bereits verurteilten Politikerinnen gepf\u00e4ndet werden.<\/p>\n<p>W\u00e4hrend schon Spendensammlungen anlaufen, um Mas, Ortega und Rigau zu unterst\u00fctzen, d\u00fcrfte sich die katalanische Parlamentsmehrheit kaum noch einsch\u00fcchtern lassen. Ob und wie die beharrliche Ablehnung politischer Verhandlungen durch die Madrider Regierung mit Demokratie zu vereinbaren ist, ist schleierhaft. Die B\u00fcrgermeisterin von Barcelona, Ada Colau, bezeichnete die derzeitige Situation heute als Versagen von Premierminister Mariano Rajoy (PP).<\/p>\n<p><strong><span style=\"font-family: Helvetica, Arial, sans-serif; text-transform: uppercase;\">C\u00ebla enghe:<\/span><\/strong> <a title=\"Entscheidungsrecht ist legitim.\" href=\"http:\/\/www.brennerbasisdemokratie.eu\/?p=36089\"><code>01<\/code><\/a> <a title=\"Madrid f\u00fcr das Entscheidungsrecht.\" href=\"http:\/\/www.brennerbasisdemokratie.eu\/?p=36096\"><code>02<\/code><\/a> <a title=\"La legge di transitoriet\u00e0 catalana.\" href=\"http:\/\/www.brennerbasisdemokratie.eu\/?p=36045\"><code>03<\/code><\/a> <span style=\"font-family: Helvetica, Arial, sans-serif; font-weight: normal;\">||<\/span> <a title=\"Katalonien: Referendum ist Gesetz.\" href=\"https:\/\/www.brennerbasisdemokratie.eu\/?p=36125\" rel=\"\"><span style=\"color: #ff8c00\"><code>01<\/code><\/span><\/a><\/p>","protected":false},"excerpt":{"rendered":"<p>Mit einem umstrittenenen beschleunigten Verfahren will die Parlamentsmehrheit, bestehend aus der Junts-pel-S\u00ed-Fraktion (PDeCAT+ERC) und Candidatura d\u2019Unitat Popular (CUP), heute das Gesetz verabschieden, das die Grundlage f\u00fcr die Abhaltung des katalanischen Unabh\u00e4ngigkeitsreferendums vom 1. Oktober bilden soll. W\u00e4hrend die rechte Volkspartei (PP), Ciudadanos (C\u2019s) und die Sozialisten ihre Gegnerschaft angek\u00fcndigt haben, d\u00fcrfte es in der linken [&hellip;]<\/p>","protected":false},"author":1,"featured_media":0,"comment_status":"open","ping_status":"open","sticky":false,"template":"","format":"standard","meta":{"_crdt_document":"","ngg_post_thumbnail":0,"_jetpack_memberships_contains_paid_content":false,"footnotes":""},"categories":[1],"tags":[],"class_list":["post-36119","post","type-post","status-publish","format-standard","hentry","category-allgemein","entity-cs","entity-cup","entity-erc","entity-jxs","entity-pdecat","entity-podem-os","entity-pp","issue-good-news","issue-1o2017","location-catalunya","location-spania","language-deutsch","person-ada-colau","person-artur-mas","person-mariano-rajoy","topic-democrazia","topic-mitbestimmung","topic-politik","topic-recht","topic-selbstbestimmung","topic-ungehorsam","topic-zentralismus"],"jetpack_featured_media_url":"","jetpack_sharing_enabled":true,"_links":{"self":[{"href":"https:\/\/www.brennerbasisdemokratie.eu\/index.php?rest_route=\/wp\/v2\/posts\/36119","targetHints":{"allow":["GET"]}}],"collection":[{"href":"https:\/\/www.brennerbasisdemokratie.eu\/index.php?rest_route=\/wp\/v2\/posts"}],"about":[{"href":"https:\/\/www.brennerbasisdemokratie.eu\/index.php?rest_route=\/wp\/v2\/types\/post"}],"author":[{"embeddable":true,"href":"https:\/\/www.brennerbasisdemokratie.eu\/index.php?rest_route=\/wp\/v2\/users\/1"}],"replies":[{"embeddable":true,"href":"https:\/\/www.brennerbasisdemokratie.eu\/index.php?rest_route=%2Fwp%2Fv2%2Fcomments&post=36119"}],"version-history":[{"count":3,"href":"https:\/\/www.brennerbasisdemokratie.eu\/index.php?rest_route=\/wp\/v2\/posts\/36119\/revisions"}],"predecessor-version":[{"id":78578,"href":"https:\/\/www.brennerbasisdemokratie.eu\/index.php?rest_route=\/wp\/v2\/posts\/36119\/revisions\/78578"}],"wp:attachment":[{"href":"https:\/\/www.brennerbasisdemokratie.eu\/index.php?rest_route=%2Fwp%2Fv2%2Fmedia&parent=36119"}],"wp:term":[{"taxonomy":"category","embeddable":true,"href":"https:\/\/www.brennerbasisdemokratie.eu\/index.php?rest_route=%2Fwp%2Fv2%2Fcategories&post=36119"},{"taxonomy":"post_tag","embeddable":true,"href":"https:\/\/www.brennerbasisdemokratie.eu\/index.php?rest_route=%2Fwp%2Fv2%2Ftags&post=36119"}],"curies":[{"name":"wp","href":"https:\/\/api.w.org\/{rel}","templated":true}]}}