{"id":36133,"date":"2017-09-08T09:08:43","date_gmt":"2017-09-08T07:08:43","guid":{"rendered":"http:\/\/www.brennerbasisdemokratie.eu\/?p=36133"},"modified":"2021-10-25T19:40:20","modified_gmt":"2021-10-25T17:40:20","slug":"alle-wege-fuhren-zum-brenner","status":"publish","type":"post","link":"https:\/\/www.brennerbasisdemokratie.eu\/?p=36133","title":{"rendered":"Alle Wege f\u00fchren zum Brenner\u2026"},"content":{"rendered":"<p>Wir wissen, dass der Brenner keine normale Grenze ist. <a class=\"external external_icon\" title=\"\" href=\"https:\/\/www.welt.de\/politik\/ausland\/article155161504\/Der-Brenner-ist-kein-zweites-Idomeni.html\" target=\"_blank\" rel=\"nofollow noopener\">Landeshauptmann Arno Kompatscher<\/a> bezeichnete den Alpen\u00fcbergang unl\u00e4ngst sogar als \u201cSymbol f\u00fcr den europ\u00e4ischen Einigungsprozess\u201d. Daher sorgt am Brenner auch bereits die Ank\u00fcndigung von Grenzkontrollen f\u00fcr europaweites Unbehagen, w\u00e4hrend an anderen innereurop\u00e4ischen Staatsgrenzen seit geraumer Zeit tats\u00e4chlich und nahezu widerstandslos kontrolliert wird.<\/p>\n<p>Die Reise- und somit Stauwochenenden der vergangenen Sommermonate zeigten aber auch einmal mehr, dass der Brenner trotz aller Euregio-Sonntagsreden nach wie vor eine sehr sp\u00fcrbare Grenze ist. Sp\u00fcrbarer als viele andere Grenzen innerhalb Europas. Auch ohne Personenkontrollen.<\/p>\n<p>W\u00e4hrend zwischen Deutschland und \u00d6sterreich seit Jahren Regionalz\u00fcge grenz\u00fcberschreitend verkehren, hei\u00dft es am Brenner nach wie vor \u201cUmsteigen!\u201d und quer \u00fcber einen Bahnhof mit nordkoreanischem Charme hetzen.<\/p>\n<p>Und auch f\u00fcr die Betreibergesellschaft der A22 (Brennerautobahn) endet die Welt am niedrigsten Alpenpass. Bis heute hat man es nicht fertig gebracht, zusammen mit der Asfinag (Betreiberin der A13 Brennerautobahn in Nordtirol) die Verkehrsmeldungen aufeinander abzustimmen, geschweige denn ein gemeinsames Online-Verkehrsinformationssystem zu etablieren.<\/p>\n<p>Gl\u00fccklicherweise sind \u00d6sterreichs gr\u00f6\u00dfter Radiosender \u00d63 und S\u00fcdtirols privater Platzhirsch S\u00fcdtirol 1 weniger hinterw\u00e4ldlerisch und wagen den Blick \u00fcber den Tellerrand. \u00d63 bezieht in seine Verkehrsinformationen die Situation auf S\u00fcdtirols Stra\u00dfen stets mit ein und S\u00fcdtirol 1 berichtet \u2013 laut Auskunft ihrer Verkehrsredaktion \u2013 auch \u00fcber Staus auf der Nordtiroler Seite des Brenners, wenn sie l\u00e4nger als zwei Kilometer sind.<\/p>\n<blockquote>\n<figure id=\"attachment_36134\" class=\"wp-caption alignnone\"><a href=\"http:\/\/www.brennerbasisdemokratie.eu\/wp-content\/uploads\/2017\/09\/21329559_10155105840718155_1434302274_o.jpg\"><img loading=\"lazy\" decoding=\"async\" class=\"wp-image-36134 size-full\" src=\"http:\/\/www.brennerbasisdemokratie.eu\/wp-content\/uploads\/2017\/09\/21329559_10155105840718155_1434302274_o.jpg\" alt=\"\" width=\"1366\" height=\"768\" \/><\/a><\/figure>\n<\/blockquote>\n<p><small><em>Bild zum Vergr\u00f6\u00dfern anklicken<\/em><\/small><\/p>\n<p>Die Betreiber der A22 scheitern jedoch bereits an viel banaleren Dingen. Selbst f\u00fcr den S\u00fcdtiroler Abschnitt bringt es die mehrheitlich in \u00f6ffentlichem Besitz befindliche Autobahngesellschaft nicht zuwege, die Verkehrsinformationen auf der \u201cdeutschsprachigen\u201d Variante der Internetseite auf Deutsch zu publizieren. Die sprachlichen Missst\u00e4nde hat <img class=\"bbdlogo\" src=\"https:\/\/www.brennerbasisdemokratie.eu\/wp-content\/uploads\/bbdsmileys\/bbde.png\"> schon vor Jahren und mehrfach aufgezeigt. Sogar ein <a title=\"Kurzbericht: Treffen mit dem A22-Pr\u00e4sidenten.\" href=\"http:\/\/www.brennerbasisdemokratie.eu\/?p=6094\">Treffen<\/a>\u00a0mit dem Pr\u00e4sidenten der Autobahngesellschaft, bei dem Besserung und \u201csofortige Ma\u00dfnahmen\u201d versprochen wurden, hat es diesbez\u00fcglich gegeben. Das war 2011.<\/p>\n<p><strong><span style=\"font-family: Helvetica, Arial, sans-serif; text-transform: uppercase;\">C\u00ebla enghe:<\/span><\/strong> <a title=\"Sprachpfusch bei der Brennerautobahn.\" href=\"http:\/\/www.brennerbasisdemokratie.eu\/?p=4063\"><code>01<\/code><\/a> <a title=\"\u00c4rgernis Brennerautobahn.\" href=\"http:\/\/www.brennerbasisdemokratie.eu\/?p=34477\"><code>02<\/code><\/a> <a title=\"A22: Leere Worte.\" href=\"http:\/\/www.brennerbasisdemokratie.eu\/?p=7378\"><code>03<\/code><\/a> <a title=\"Gro\u00dfer \u00bbWanderweg\u00ab.\" href=\"http:\/\/www.brennerbasisdemokratie.eu\/?p=5303\"><code>04<\/code><\/a> <a title=\"8 km Stau bis Sterzing.\" href=\"http:\/\/www.brennerbasisdemokratie.eu\/?p=29270\"><code>05<\/code><\/a> <a title=\"Finisterre.\" href=\"http:\/\/www.brennerbasisdemokratie.eu\/?p=16459\"><code>06<\/code><\/a><\/p>","protected":false},"excerpt":{"rendered":"<p>Wir wissen, dass der Brenner keine normale Grenze ist. Landeshauptmann Arno Kompatscher bezeichnete den Alpen\u00fcbergang unl\u00e4ngst sogar als \u201cSymbol f\u00fcr den europ\u00e4ischen Einigungsprozess\u201d. Daher sorgt am Brenner auch bereits die Ank\u00fcndigung von Grenzkontrollen f\u00fcr europaweites Unbehagen, w\u00e4hrend an anderen innereurop\u00e4ischen Staatsgrenzen seit geraumer Zeit tats\u00e4chlich und nahezu widerstandslos kontrolliert wird. Die Reise- und somit Stauwochenenden [&hellip;]<\/p>","protected":false},"author":8,"featured_media":0,"comment_status":"open","ping_status":"open","sticky":false,"template":"","format":"standard","meta":{"_crdt_document":"","ngg_post_thumbnail":0,"_jetpack_memberships_contains_paid_content":false,"footnotes":""},"categories":[1],"tags":[],"class_list":["post-36133","post","type-post","status-publish","format-standard","hentry","category-allgemein","entity-a22","entity-eu","entity-euregio","location-sudtirolo","language-deutsch","medium-orf","person-arno-kompatscher","topic-comparatio","topic-grenzen","topic-mobilitaet","topic-plurilinguism","topic-verbraucherinnen"],"jetpack_featured_media_url":"","jetpack_sharing_enabled":true,"_links":{"self":[{"href":"https:\/\/www.brennerbasisdemokratie.eu\/index.php?rest_route=\/wp\/v2\/posts\/36133","targetHints":{"allow":["GET"]}}],"collection":[{"href":"https:\/\/www.brennerbasisdemokratie.eu\/index.php?rest_route=\/wp\/v2\/posts"}],"about":[{"href":"https:\/\/www.brennerbasisdemokratie.eu\/index.php?rest_route=\/wp\/v2\/types\/post"}],"author":[{"embeddable":true,"href":"https:\/\/www.brennerbasisdemokratie.eu\/index.php?rest_route=\/wp\/v2\/users\/8"}],"replies":[{"embeddable":true,"href":"https:\/\/www.brennerbasisdemokratie.eu\/index.php?rest_route=%2Fwp%2Fv2%2Fcomments&post=36133"}],"version-history":[{"count":5,"href":"https:\/\/www.brennerbasisdemokratie.eu\/index.php?rest_route=\/wp\/v2\/posts\/36133\/revisions"}],"predecessor-version":[{"id":68685,"href":"https:\/\/www.brennerbasisdemokratie.eu\/index.php?rest_route=\/wp\/v2\/posts\/36133\/revisions\/68685"}],"wp:attachment":[{"href":"https:\/\/www.brennerbasisdemokratie.eu\/index.php?rest_route=%2Fwp%2Fv2%2Fmedia&parent=36133"}],"wp:term":[{"taxonomy":"category","embeddable":true,"href":"https:\/\/www.brennerbasisdemokratie.eu\/index.php?rest_route=%2Fwp%2Fv2%2Fcategories&post=36133"},{"taxonomy":"post_tag","embeddable":true,"href":"https:\/\/www.brennerbasisdemokratie.eu\/index.php?rest_route=%2Fwp%2Fv2%2Ftags&post=36133"}],"curies":[{"name":"wp","href":"https:\/\/api.w.org\/{rel}","templated":true}]}}