{"id":36146,"date":"2017-09-08T17:11:35","date_gmt":"2017-09-08T15:11:35","guid":{"rendered":"http:\/\/www.brennerbasisdemokratie.eu\/?p=36146"},"modified":"2023-01-13T00:06:01","modified_gmt":"2023-01-12T23:06:01","slug":"la-parola-con-la-effe-facebook","status":"publish","type":"post","link":"https:\/\/www.brennerbasisdemokratie.eu\/?p=36146","title":{"rendered":"La parola con la effe: Facebook."},"content":{"rendered":"<p>No, no e poi no! Cos\u00ec proprio non si fa. Quell\u2019ebreo di un Zuckerberg ha disattivato \u2014 per poche ore, ma tant\u2019\u00e8 \u2014 l\u2019accesso a <em>Facebook<\/em> dei fascisti del terzo millennio. Saranno anche avversari politici (antidemocratici, razzisti, autoritari, violenti chi pi\u00f9 ne ha pi\u00f9 ne metta) ma qui stiamo oltrepassando ogni limite. Indignazione! <a class=\"external external_icon\" title=\"Salto: Fascista per un giorno.\" href=\"https:\/\/www.salto.bz\/de\/article\/07092017\/fascista-un-giorno\" target=\"_blank\" rel=\"noopener nofollow\">Solidariet\u00e0!<\/a> Scusate, ma che sar\u00e0 un piccolo pestaggio, un campetto di concentramento, un po\u2019 d\u2019olio di ricino in confronto a ore e ore di incertezza senza accesso ai <em>social<\/em>? Non sar\u00e0 censura, quella perpetrata dall\u2019ebreo, ma poco ci manca. La storia non si cambia.<\/p>\n<p><strong><span style=\"font-family: Helvetica, Arial, sans-serif; text-transform: uppercase;\">C\u00ebla enghe:<\/span><\/strong> <a href=\"https:\/\/www.brennerbasisdemokratie.eu\/?p=75434\" title=\"Meta durfte CPI von Facebook ausschlie\u00dfen.\"><span style=\"color: #ff8c00\"><code>01<\/code><\/span><\/a><\/p>","protected":false},"excerpt":{"rendered":"<p>No, no e poi no! Cos\u00ec proprio non si fa. Quell\u2019ebreo di un Zuckerberg ha disattivato \u2014 per poche ore, ma tant\u2019\u00e8 \u2014 l\u2019accesso a Facebook dei fascisti del terzo millennio. Saranno anche avversari politici (antidemocratici, razzisti, autoritari, violenti chi pi\u00f9 ne ha pi\u00f9 ne metta) ma qui stiamo oltrepassando ogni limite. Indignazione! Solidariet\u00e0! Scusate, [&hellip;]<\/p>","protected":false},"author":1,"featured_media":0,"comment_status":"open","ping_status":"open","sticky":false,"template":"","format":"standard","meta":{"_crdt_document":"","ngg_post_thumbnail":0,"_jetpack_memberships_contains_paid_content":false,"footnotes":""},"categories":[1],"tags":[],"class_list":["post-36146","post","type-post","status-publish","format-standard","hentry","category-allgemein","entity-cpi","location-italy","language-italiano","medium-salto","medium-socialmedia","topic-faschismen","topic-racism","topic-recht","topic-satire"],"jetpack_featured_media_url":"","jetpack_sharing_enabled":true,"_links":{"self":[{"href":"https:\/\/www.brennerbasisdemokratie.eu\/index.php?rest_route=\/wp\/v2\/posts\/36146","targetHints":{"allow":["GET"]}}],"collection":[{"href":"https:\/\/www.brennerbasisdemokratie.eu\/index.php?rest_route=\/wp\/v2\/posts"}],"about":[{"href":"https:\/\/www.brennerbasisdemokratie.eu\/index.php?rest_route=\/wp\/v2\/types\/post"}],"author":[{"embeddable":true,"href":"https:\/\/www.brennerbasisdemokratie.eu\/index.php?rest_route=\/wp\/v2\/users\/1"}],"replies":[{"embeddable":true,"href":"https:\/\/www.brennerbasisdemokratie.eu\/index.php?rest_route=%2Fwp%2Fv2%2Fcomments&post=36146"}],"version-history":[{"count":2,"href":"https:\/\/www.brennerbasisdemokratie.eu\/index.php?rest_route=\/wp\/v2\/posts\/36146\/revisions"}],"predecessor-version":[{"id":76223,"href":"https:\/\/www.brennerbasisdemokratie.eu\/index.php?rest_route=\/wp\/v2\/posts\/36146\/revisions\/76223"}],"wp:attachment":[{"href":"https:\/\/www.brennerbasisdemokratie.eu\/index.php?rest_route=%2Fwp%2Fv2%2Fmedia&parent=36146"}],"wp:term":[{"taxonomy":"category","embeddable":true,"href":"https:\/\/www.brennerbasisdemokratie.eu\/index.php?rest_route=%2Fwp%2Fv2%2Fcategories&post=36146"},{"taxonomy":"post_tag","embeddable":true,"href":"https:\/\/www.brennerbasisdemokratie.eu\/index.php?rest_route=%2Fwp%2Fv2%2Ftags&post=36146"}],"curies":[{"name":"wp","href":"https:\/\/api.w.org\/{rel}","templated":true}]}}