{"id":36273,"date":"2017-09-16T10:14:24","date_gmt":"2017-09-16T08:14:24","guid":{"rendered":"http:\/\/www.brennerbasisdemokratie.eu\/?p=36273"},"modified":"2021-06-01T17:45:22","modified_gmt":"2021-06-01T15:45:22","slug":"umbau-auf-die-agenda","status":"publish","type":"post","link":"https:\/\/www.brennerbasisdemokratie.eu\/?p=36273","title":{"rendered":"Umbau: Auf die Agenda."},"content":{"rendered":"<p>Durch die demokratische Konsequenz, mit der die Katalaninnen derzeit versuchen, ihren Wunsch nach Selbstbestimmung umzusetzen, haben sie schon etwas geschafft, was vielen historischen B\u00fcrgerrechtsbewegungen gemein ist: Sie haben ein wichtiges Thema auf die internationale Agenda gehoben, das durch st\u00e4ndige Unterordnung und bedingungslose Gesetzestreue niemals dorthin gelangt w\u00e4re.<\/p>\n<p>Bruch mit dem Nationalstaat? Unm\u00f6glich, <a title=\"Realisten vs. sezessionistische Tr\u00e4umer.\" href=\"http:\/\/www.brennerbasisdemokratie.eu\/?p=20777\">unrealistisch<\/a>, hei\u00dft es dazu in S\u00fcdtirol. Doch solange man sich damit begn\u00fcgt (wie es Silvius Magnago nannte:) Blumen am Wegesrand zu pfl\u00fccken, wird man den vorgegebenen Weg nie verlassen. Damit k\u00f6nnen wir uns nur den \u2014 nahezu unsichtbaren \u2014 K\u00e4fig vergolden.<\/p>\n<p>Der <a title=\"Post aus D\u00e4nemark f\u00fcr Mariano Rajoy.\" href=\"http:\/\/www.brennerbasisdemokratie.eu\/?p=36263\">Brief aus D\u00e4nemark<\/a>, der keinen diplomatischen Gepflogenheiten mehr folgt, markiert den Beginn einer echten Einmischung, die nur dadurch zustandekommen konnte, dass Europa- als Innenpolitik verstanden wird.<\/p>\n<p>Aber auch medial zeigt sich endlich, dass der politische Druck aus Katalonien nicht nur den Umbau des spanischen K\u00f6nigreichs, sondern eine Befassung mit dem Europa der Nationalstaaten zur Folge haben k\u00f6nnte, wenn wir uns nicht einsch\u00fcchtern lassen.<\/p>\n<p>So schreibt etwa Chefredakteur Reinhard G\u00f6weil in einem <a class=\"external external_icon\" title=\"Wiener Zeitung: Problem Nationalstaat.\" href=\"http:\/\/www.wienerzeitung.at\/meinungen\/leitartikel\/916171_Problem-Nationalstaat.html\" target=\"_blank\" rel=\"noopener nofollow noreferrer\">Leitartikel<\/a> f\u00fcr die <em>Wiener Zeitung,<\/em> dass wir jetzt endlich genauer auf die Verfasstheit der EU hinschauen sollten. Denn die sei fest in den H\u00e4nden der Nationalstaaten.<\/p>\n<blockquote><p>[Die Separationsbewegungen in Schottland und Katalonien haben] eine Gemeinsamkeit: Sie wollen jeweils in der EU verbleiben, was den Begriff Separatismus deutlich relativiert.<\/p>\n<p><em>\u2014 Reinhard G\u00f6weil<\/em><\/p><\/blockquote>\n<p>Niemand bremse die Entwicklung der EU so ein, wie die Nationalstaaten, zum Beispiel bei der Schaffung einer europ\u00e4ischen Staatsb\u00fcrgerinnenschaft.<\/p>\n<blockquote><p>Die \u00dcberwindung der Nationalstaaten, die meist viel j\u00fcnger sind als die meisten Regionen, die nun nach Selbst\u00e4ndigkeit schreien, w\u00fcrde Europa st\u00e4rken, nach innen und nach au\u00dfen.<\/p>\n<p><em>\u2014 Reinhard G\u00f6weil<\/em><\/p><\/blockquote>\n<p>Bei alledem k\u00f6nnte S\u00fcdtirol freilich eine Vorreiterrolle einnehmen. Doch wie der Landeshauptmann neulich, zu Katalonien befragt, im <em>Mittagsmagazin<\/em> von <em>Rai S\u00fcdtirol<\/em> sinngem\u00e4\u00df sagte: Uns gehts ja gut, wir pfl\u00fccken lieber Blumen.<\/p>\n<p>W\u00e4hrend andere die neuen Wege bauen.<\/p>\n<p><strong><span style=\"font-family: Helvetica, Arial, sans-serif; text-transform: uppercase;\">C\u00ebla enghe:<\/span><\/strong> <a title=\"Katalonien: Wo bleibt S\u00fcdtirol?\" href=\"http:\/\/www.brennerbasisdemokratie.eu\/?p=36152\"><code>01<\/code><\/a> <a title=\"Nationalstaaten oder Europa der Regionen?\" href=\"http:\/\/www.brennerbasisdemokratie.eu\/?p=34958\"><code>02<\/code><\/a> <a title=\"Un \u00abno\u00bb che non ha senso.\" href=\"http:\/\/www.brennerbasisdemokratie.eu\/?p=35448\"><code>03<\/code><\/a> <a title=\"Katalonien hat Europa ver\u00e4ndert.\" href=\"http:\/\/www.brennerbasisdemokratie.eu\/?p=54392\"><span style=\"color: #ff8c00\"><code>04<\/code><\/span><\/a><\/p>","protected":false},"excerpt":{"rendered":"<p>Durch die demokratische Konsequenz, mit der die Katalaninnen derzeit versuchen, ihren Wunsch nach Selbstbestimmung umzusetzen, haben sie schon etwas geschafft, was vielen historischen B\u00fcrgerrechtsbewegungen gemein ist: Sie haben ein wichtiges Thema auf die internationale Agenda gehoben, das durch st\u00e4ndige Unterordnung und bedingungslose Gesetzestreue niemals dorthin gelangt w\u00e4re. Bruch mit dem Nationalstaat? Unm\u00f6glich, unrealistisch, hei\u00dft es [&hellip;]<\/p>","protected":false},"author":1,"featured_media":0,"comment_status":"open","ping_status":"open","sticky":false,"template":"","format":"standard","meta":{"_crdt_document":"","ngg_post_thumbnail":0,"_jetpack_memberships_contains_paid_content":false,"footnotes":""},"categories":[1],"tags":[],"class_list":["post-36273","post","type-post","status-publish","format-standard","hentry","category-allgemein","entity-eu","issue-zitac","location-catalunya","language-deutsch","medium-rai","person-arno-kompatscher","topic-foederalismus","topic-grundrechte","topic-medien","topic-nationalismus","topic-politik","topic-recht","topic-selbstbestimmung","topic-ungehorsam"],"jetpack_featured_media_url":"","jetpack_sharing_enabled":true,"_links":{"self":[{"href":"https:\/\/www.brennerbasisdemokratie.eu\/index.php?rest_route=\/wp\/v2\/posts\/36273","targetHints":{"allow":["GET"]}}],"collection":[{"href":"https:\/\/www.brennerbasisdemokratie.eu\/index.php?rest_route=\/wp\/v2\/posts"}],"about":[{"href":"https:\/\/www.brennerbasisdemokratie.eu\/index.php?rest_route=\/wp\/v2\/types\/post"}],"author":[{"embeddable":true,"href":"https:\/\/www.brennerbasisdemokratie.eu\/index.php?rest_route=\/wp\/v2\/users\/1"}],"replies":[{"embeddable":true,"href":"https:\/\/www.brennerbasisdemokratie.eu\/index.php?rest_route=%2Fwp%2Fv2%2Fcomments&post=36273"}],"version-history":[{"count":4,"href":"https:\/\/www.brennerbasisdemokratie.eu\/index.php?rest_route=\/wp\/v2\/posts\/36273\/revisions"}],"predecessor-version":[{"id":65930,"href":"https:\/\/www.brennerbasisdemokratie.eu\/index.php?rest_route=\/wp\/v2\/posts\/36273\/revisions\/65930"}],"wp:attachment":[{"href":"https:\/\/www.brennerbasisdemokratie.eu\/index.php?rest_route=%2Fwp%2Fv2%2Fmedia&parent=36273"}],"wp:term":[{"taxonomy":"category","embeddable":true,"href":"https:\/\/www.brennerbasisdemokratie.eu\/index.php?rest_route=%2Fwp%2Fv2%2Fcategories&post=36273"},{"taxonomy":"post_tag","embeddable":true,"href":"https:\/\/www.brennerbasisdemokratie.eu\/index.php?rest_route=%2Fwp%2Fv2%2Ftags&post=36273"}],"curies":[{"name":"wp","href":"https:\/\/api.w.org\/{rel}","templated":true}]}}