{"id":36641,"date":"2017-09-30T14:41:06","date_gmt":"2017-09-30T12:41:06","guid":{"rendered":"http:\/\/www.brennerbasisdemokratie.eu\/?p=36641"},"modified":"2019-04-30T22:50:57","modified_gmt":"2019-04-30T20:50:57","slug":"guardia-civil-im-telekommunikationszentrum","status":"publish","type":"post","link":"https:\/\/www.brennerbasisdemokratie.eu\/?p=36641","title":{"rendered":"Guardia Civil im Telekommunikationszentrum."},"content":{"rendered":"<p>Heute fr\u00fch ist die spanische <em>Guardia Civil<\/em> in das Zentrum f\u00fcr Telekommunikation und Informationstechnik (CTTI) der <em>Generalitat de Catalunya<\/em> eingedrungen, um die Verantwortlichen zu zwingen, s\u00e4mtliche Computersysteme herunterzufahren, die die Aus\u00fcbung der elektronischen Wahl sowie die Ausz\u00e4hlung der Abstimmungsergebnisse unterst\u00fctzen k\u00f6nnten. Das CTTI in L\u2019Hospitalet de Llobregat wird Medienberichten zufolge von einem Hubschrauber der <em>Guardia Civil<\/em> umkreist.<\/p>\n<p>Grundlage f\u00fcr die Ma\u00dfnahme ist eine Anordnung des <em>Tribunal Superior de Just\u00edcia de Catalunya,<\/em> das auch die Au\u00dferbetriebnahme von Handyapps vorsieht \u2014 beispielsweise eine findige private App, die die Datenbank mit den Wahlsprengeln und Abstimmungsinformationen enth\u00e4lt. <em>Google<\/em> hat die richterliche Anweisung offenbar bereits umgesetzt und die App aus dem <em>Play<\/em>-Store genommen.<\/p>\n<p>Unbest\u00e4tigten Informationen zufolge soll die <em>Guardia Civil<\/em> 48 Stunden lang in den R\u00e4umen des CTTI bleiben, um die Arbeit der Technikerinnen zu \u00fcberwachen. Allerdings gab ein Sprecher der <em>Generalitat<\/em> bekannt, dass die <em>Guardia Civil<\/em> keinen Zutritt zu den technischen Anlagen erh\u00e4lt.<\/p>\n<p><strong><span style=\"font-family: Helvetica, Arial, sans-serif; text-transform: uppercase;\">C\u00ebla enghe:<\/span><\/strong> <a title=\"Eil: Staatsstreich in Barcelona.\" href=\"http:\/\/www.brennerbasisdemokratie.eu\/?p=36347\"><code>01<\/code><\/a> <a title=\"Mit Polizeigewalt gegen Wahlurnen.\" href=\"http:\/\/www.brennerbasisdemokratie.eu\/?p=36226\"><code>02<\/code><\/a><\/p>","protected":false},"excerpt":{"rendered":"<p>Heute fr\u00fch ist die spanische Guardia Civil in das Zentrum f\u00fcr Telekommunikation und Informationstechnik (CTTI) der Generalitat de Catalunya eingedrungen, um die Verantwortlichen zu zwingen, s\u00e4mtliche Computersysteme herunterzufahren, die die Aus\u00fcbung der elektronischen Wahl sowie die Ausz\u00e4hlung der Abstimmungsergebnisse unterst\u00fctzen k\u00f6nnten. Das CTTI in L\u2019Hospitalet de Llobregat wird Medienberichten zufolge von einem Hubschrauber der Guardia [&hellip;]<\/p>","protected":false},"author":1,"featured_media":0,"comment_status":"open","ping_status":"open","sticky":false,"template":"","format":"standard","meta":{"_crdt_document":"","ngg_post_thumbnail":0,"_jetpack_memberships_contains_paid_content":false,"footnotes":""},"categories":[1],"tags":[],"class_list":["post-36641","post","type-post","status-publish","format-standard","hentry","category-allgemein","entity-gencat","entity-guardia-civil","location-catalunya","language-deutsch","topic-polizei","topic-recht","topic-repression","topic-selbstbestimmung","topic-tech_com"],"jetpack_featured_media_url":"","jetpack_sharing_enabled":true,"_links":{"self":[{"href":"https:\/\/www.brennerbasisdemokratie.eu\/index.php?rest_route=\/wp\/v2\/posts\/36641","targetHints":{"allow":["GET"]}}],"collection":[{"href":"https:\/\/www.brennerbasisdemokratie.eu\/index.php?rest_route=\/wp\/v2\/posts"}],"about":[{"href":"https:\/\/www.brennerbasisdemokratie.eu\/index.php?rest_route=\/wp\/v2\/types\/post"}],"author":[{"embeddable":true,"href":"https:\/\/www.brennerbasisdemokratie.eu\/index.php?rest_route=\/wp\/v2\/users\/1"}],"replies":[{"embeddable":true,"href":"https:\/\/www.brennerbasisdemokratie.eu\/index.php?rest_route=%2Fwp%2Fv2%2Fcomments&post=36641"}],"version-history":[{"count":1,"href":"https:\/\/www.brennerbasisdemokratie.eu\/index.php?rest_route=\/wp\/v2\/posts\/36641\/revisions"}],"predecessor-version":[{"id":46720,"href":"https:\/\/www.brennerbasisdemokratie.eu\/index.php?rest_route=\/wp\/v2\/posts\/36641\/revisions\/46720"}],"wp:attachment":[{"href":"https:\/\/www.brennerbasisdemokratie.eu\/index.php?rest_route=%2Fwp%2Fv2%2Fmedia&parent=36641"}],"wp:term":[{"taxonomy":"category","embeddable":true,"href":"https:\/\/www.brennerbasisdemokratie.eu\/index.php?rest_route=%2Fwp%2Fv2%2Fcategories&post=36641"},{"taxonomy":"post_tag","embeddable":true,"href":"https:\/\/www.brennerbasisdemokratie.eu\/index.php?rest_route=%2Fwp%2Fv2%2Ftags&post=36641"}],"curies":[{"name":"wp","href":"https:\/\/api.w.org\/{rel}","templated":true}]}}