{"id":36801,"date":"2017-10-02T16:46:13","date_gmt":"2017-10-02T14:46:13","guid":{"rendered":"http:\/\/www.brennerbasisdemokratie.eu\/?p=36801"},"modified":"2019-08-12T16:27:31","modified_gmt":"2019-08-12T14:27:31","slug":"gfbv-erhebt-schwere-vorwurfe-gegen-spanien","status":"publish","type":"post","link":"https:\/\/www.brennerbasisdemokratie.eu\/?p=36801","title":{"rendered":"GfbV erhebt schwere Vorw\u00fcrfe gegen Spanien."},"content":{"rendered":"<blockquote><p><strong>Katalonien-Referendum: Regierung setzt Gewalt ein<\/strong><br \/>\n<em>Polizeistaat Spanien? Mit der Guardia Civil gegen das Referendum<\/em><\/p>\n<p>Bozen, G\u00f6ttingen, 2. Oktober 2017<\/p>\n<p>Die Gesellschaft f\u00fcr bedrohte V\u00f6lker (GfbV) hat Spaniens Regierung<br \/>\nvorgeworfen, mit polizeistaatlichen Methoden gegen abstimmungswillige Katalanen vorgegangen zu sein, in dem sie gestern die Milit\u00e4rpolizei \u201cGuardia Civil\u201d in Katalonien ausr\u00fccken lie\u00df. \u201cDer \u00fcbertrieben harte Einsatz der Sicherheitskr\u00e4fte ist einer Demokratie unw\u00fcrdig und auch keine gute Werbung f\u00fcr ein Verbleiben Kataloniens in Spanien\u201d, erkl\u00e4rte der GfbV-Direktor Ulrich Delius am Montag. \u201cDie Gewalt ging von den Uniformierten aus.\u201d<\/p>\n<p>\u00c4ltere Katalanen erinnern sich noch an die \u201cGuardia Civil\u201d der Franco-\u00c4ra als das Repressionsinstrument des faschistischen Staates. Die \u201cGuardia Civil\u201d war auch wegen ihrer Folterungen gef\u00fcrchtet. F\u00fcr die Gewalt gestern war ausschlie\u00dflich die dialogverweigernde konservative Regierung verantwortlich. Deren Geschichte h\u00e4ngt eng mit der \u201cGuardia Civil\u201d zusammen. Es waren Anh\u00e4nger des Franco-Regimes, die die spanische Volkspartei PP gegr\u00fcndet haben.<\/p>\n<p>Die Regierung bezeichnete das Referendum als Farce, weil es nicht<br \/>\nordnungsgem\u00e4\u00df abgewickelt wurde. Um die Wahl zu blockieren, setzte die Regierung Milit\u00e4rpolizisten ein, beschlagnahmte Wahlzettel sowie Urnen und lie\u00df Wahllokale schlie\u00dfen. Vorausgegangen war ein jahrlanger autonomiepolitischer Stillstand, den haupts\u00e4chlich die konservative PP und ihre Vertreter im Verfassungsgericht herbeif\u00fchrten. Nicht von ungef\u00e4hr fordern die autonomen Gemeinschaften der Katalanen und der Basken eine Vertretung im Verfassungsgericht.<\/p>\n<p>1979 beteiligten sich 59 Prozent der Katalanen am Referendum zum<br \/>\nAutonomiestatut f\u00fcr Katalonien. Das Votum war mehrheitlich daf\u00fcr. 2006 gingen nur 49 Prozent (die Mehrheit stimmte daf\u00fcr) der B\u00fcrger Kataloniens zum Referendum f\u00fcr ein neues Autonomiestatut. Auf Druck der PP kassierten die Verfassungsrichter das neue Statut. 2014 wiesen dieselben Richter in einem Urteilsspruch aber auch darauf hin, dass das von Basken und Katalanen geforderte \u201cRecht zu entscheiden\u201d zul\u00e4ssig sei, wenn es verfassungsm\u00e4\u00dfig begleitet werde. Notwendig sei daf\u00fcr der Dialog und die Zusammenarbeit zwischen der Zentralregierung und der autonomen Gemeinschaft. Beides fand nicht statt.<\/p><\/blockquote>\n<p><strong><span style=\"font-family: Helvetica, Arial, sans-serif; text-transform: uppercase;\">C\u00ebla enghe:<\/span><\/strong> <a title=\"Katalonien: UNO fordert sofortige Ermittlungen.\" href=\"http:\/\/www.brennerbasisdemokratie.eu\/?p=36791\"><code>01<\/code><\/a> <a title=\"OSZE kritisiert \u00dcberf\u00e4lle der spanischen Polizei.\" href=\"http:\/\/www.brennerbasisdemokratie.eu\/?p=36777\"><code>02<\/code><\/a> <a title=\"Amnesty sieht Menschenrechte in Gefahr.\" href=\"http:\/\/www.brennerbasisdemokratie.eu\/?p=36503\"><code>03<\/code><\/a><\/p>","protected":false},"excerpt":{"rendered":"<p>Katalonien-Referendum: Regierung setzt Gewalt ein Polizeistaat Spanien? Mit der Guardia Civil gegen das Referendum Bozen, G\u00f6ttingen, 2. Oktober 2017 Die Gesellschaft f\u00fcr bedrohte V\u00f6lker (GfbV) hat Spaniens Regierung vorgeworfen, mit polizeistaatlichen Methoden gegen abstimmungswillige Katalanen vorgegangen zu sein, in dem sie gestern die Milit\u00e4rpolizei \u201cGuardia Civil\u201d in Katalonien ausr\u00fccken lie\u00df. \u201cDer \u00fcbertrieben harte Einsatz der [&hellip;]<\/p>","protected":false},"author":1,"featured_media":0,"comment_status":"open","ping_status":"open","sticky":false,"template":"","format":"standard","meta":{"_crdt_document":"","ngg_post_thumbnail":0,"_jetpack_memberships_contains_paid_content":false,"footnotes":""},"categories":[1],"tags":[],"class_list":["post-36801","post","type-post","status-publish","format-standard","hentry","category-allgemein","entity-gfbv","entity-pp","entity-verfassungsgericht","issue-1o2017","issue-zitac","location-catalunya","location-spania","language-deutsch","topic-faschismen","topic-grundrechte","topic-politik","topic-polizei","topic-repression","topic-selbstbestimmung"],"jetpack_featured_media_url":"","jetpack_sharing_enabled":true,"_links":{"self":[{"href":"https:\/\/www.brennerbasisdemokratie.eu\/index.php?rest_route=\/wp\/v2\/posts\/36801","targetHints":{"allow":["GET"]}}],"collection":[{"href":"https:\/\/www.brennerbasisdemokratie.eu\/index.php?rest_route=\/wp\/v2\/posts"}],"about":[{"href":"https:\/\/www.brennerbasisdemokratie.eu\/index.php?rest_route=\/wp\/v2\/types\/post"}],"author":[{"embeddable":true,"href":"https:\/\/www.brennerbasisdemokratie.eu\/index.php?rest_route=\/wp\/v2\/users\/1"}],"replies":[{"embeddable":true,"href":"https:\/\/www.brennerbasisdemokratie.eu\/index.php?rest_route=%2Fwp%2Fv2%2Fcomments&post=36801"}],"version-history":[{"count":1,"href":"https:\/\/www.brennerbasisdemokratie.eu\/index.php?rest_route=\/wp\/v2\/posts\/36801\/revisions"}],"predecessor-version":[{"id":45535,"href":"https:\/\/www.brennerbasisdemokratie.eu\/index.php?rest_route=\/wp\/v2\/posts\/36801\/revisions\/45535"}],"wp:attachment":[{"href":"https:\/\/www.brennerbasisdemokratie.eu\/index.php?rest_route=%2Fwp%2Fv2%2Fmedia&parent=36801"}],"wp:term":[{"taxonomy":"category","embeddable":true,"href":"https:\/\/www.brennerbasisdemokratie.eu\/index.php?rest_route=%2Fwp%2Fv2%2Fcategories&post=36801"},{"taxonomy":"post_tag","embeddable":true,"href":"https:\/\/www.brennerbasisdemokratie.eu\/index.php?rest_route=%2Fwp%2Fv2%2Ftags&post=36801"}],"curies":[{"name":"wp","href":"https:\/\/api.w.org\/{rel}","templated":true}]}}