{"id":36866,"date":"2017-10-03T20:29:21","date_gmt":"2017-10-03T18:29:21","guid":{"rendered":"http:\/\/www.brennerbasisdemokratie.eu\/?p=36866"},"modified":"2026-04-29T20:40:37","modified_gmt":"2026-04-29T18:40:37","slug":"widerspruche","status":"publish","type":"post","link":"https:\/\/www.brennerbasisdemokratie.eu\/?p=36866","title":{"rendered":"Widerspr\u00fcche."},"content":{"rendered":"<!-- Snippets by WebberZone Snippetz --><div class=\"ata_snippets\"><hr style=\"height: 20px; border: none; margin-top: 0em; background-color: darkred;\"\/><\/div><p>Heute 2 x EU-Kommissionspr\u00e4sident J.C. Juncker geh\u00f6rt.<\/p>\n<p>1 x zum Brexit: Er gibt zu verstehen, dass die EU Gro\u00dfbritannien nicht so einfach ziehen lassen will, bevor nicht alle Zahlungsverpflichtungen beglichen sind. Damit ist er koh\u00e4rent in allen \u00c4u\u00dferungen, die die EU seit Bekanntwerden des Brexit gemacht hat: es ist traurig, es ist schade, man wolle den GB-B\u00fcrgerInnen nicht die T\u00fcre zuschlagen, eine R\u00fcckkehr sei jederzeit m\u00f6glich, es ist ein Schaden f\u00fcr die jahrzehntelange politische und friedensbringende Arbeit in und an der EU, wenn GB jetzt die Gemeinschaft verl\u00e4sst. Zusammengefasst: die EU ist nicht erfreut \u00fcber den Austritt eines ihrer Kernl\u00e4nder und bedauert den Entschluss der Briten.<\/p>\n<p>1 x zu Katalonien: Nach dem Referendum vom 1. Oktober, wo die \u00fcberw\u00e4ltigende Mehrheit der Katalanen JA zu einer Separation von Spanien gesagt haben und gleichzeitig in allen Vorbereitungen zum Referendum betont haben, <strong>dass Katalonien in der EU bleiben wolle<\/strong>, erkl\u00e4rt man ihnen, dass sie im Falle einer Unabh\u00e4ngigkeitserkl\u00e4rung sofort aus der EU drau\u00dfen w\u00e4ren. So, als ob es etwas Erstrebenswertes w\u00e4re, \u201euntreue\u201c Gemeinschaften mit sofortigem Mitgliedschaftsentzug zu bestrafen! Die Einheit der Nationalstaaten ist untouchable!<\/p>\n<p>Die <em><strong>contradictio in se<\/strong><\/em> ist un\u00fcbersehbar!<\/p>\n<ul>\n<li>Auf der <strong>einen<\/strong> Seite bem\u00fcht man sich, den EU-Austritt eines Gebietes zu verhindern.<\/li>\n<li>Auf der <strong>anderen<\/strong> Seite sagt man, nach diesem Votum bist Du sofort drau\u00dfen!<\/li>\n<\/ul>\n<p>Was ist nun Sache: Will die EU das momentane Territorium und ihre Einflusssph\u00e4re beibehalten oder sogar verg\u00f6\u00dfern, wie das auch durch das Nicht-Abbrechen der Beitrittsverhandlungen mit der T\u00fcrkei signalisiert wird, oder ist es wichtiger, sich zu verkleinern, in dem man einem EU-Gebiet, das sich lediglich von einem der Nationalstaaten der EU abl\u00f6sen will und betont, weiterhin in der EU bleiben zu wollen, androht, es sofort als Nichtmitglied mit allen Folgen eines Neubeitrittes behandeln zu wollen?<br \/>\nUnd au\u00dferdem: Ist die DDR je mit allen n\u00f6tigen Verhandlungen zur EU beigetreten?<\/p>\n<p>Ich denke, die EU muss sich neu \u00fcberdenken! Sonst ist sie mit dem 1. Oktober 2017 tats\u00e4chlich gestorben!<\/p>\n<!-- Snippets by WebberZone Snippetz --><div class=\"ata_snippets\"><hr style=\"height: 10px;border: none;margin-top: 0px;background-color: darkred\" \/>\r\n\r\n<div style=\"background-color: none;padding: 0px;font-size: 14px;font-family: Helvetica,Arial;margin: 10px 0px 0px 0px\"><span style=\"color: darkred\"><strong><small>Autor:innen- und Gastbeitr\u00e4ge widerspiegeln nicht notwendigerweise die Meinung oder die Position von BBD, so wie die jeweiligen Verfasser:innen nicht notwendigerweise die Ziele von BBD unterst\u00fctzen.<\/small><\/strong><small>\u00b7 I contributi esterni non necessariamente riflettono le opinioni o la posizione di BBD, come a loro volta le autrici\/gli autori non necessariamente condividono gli obiettivi di BBD. \u2014 <a href=\"http:\/\/www.brennerbasisdemokratie.eu\/?page_id=11356#copyleft\"><strong>\u00a9<\/strong><\/a><\/small><\/span><\/div><\/div>","protected":false},"excerpt":{"rendered":"<p>Heute 2 x EU-Kommissionspr\u00e4sident J.C. Juncker geh\u00f6rt. 1 x zum Brexit: Er gibt zu verstehen, dass die EU Gro\u00dfbritannien nicht so einfach ziehen lassen will, bevor nicht alle Zahlungsverpflichtungen beglichen sind. Damit ist er koh\u00e4rent in allen \u00c4u\u00dferungen, die die EU seit Bekanntwerden des Brexit gemacht hat: es ist traurig, es ist schade, man wolle [&hellip;]<\/p>","protected":false},"author":16,"featured_media":0,"comment_status":"open","ping_status":"open","sticky":false,"template":"","format":"standard","meta":{"_crdt_document":"","ngg_post_thumbnail":0,"_jetpack_memberships_contains_paid_content":false,"footnotes":""},"categories":[751],"tags":[],"class_list":["post-36866","post","type-post","status-publish","format-standard","hentry","category-autorinnen-neu","entity-eu","issue-brexit","issue-1o2017","location-catalunya","location-united-kingdom","language-deutsch","person-jean-claude-juncker","topic-kohasion","topic-nationalismus","topic-politik","topic-selbstbestimmung","topic-tagnacht"],"jetpack_featured_media_url":"","jetpack_sharing_enabled":true,"_links":{"self":[{"href":"https:\/\/www.brennerbasisdemokratie.eu\/index.php?rest_route=\/wp\/v2\/posts\/36866","targetHints":{"allow":["GET"]}}],"collection":[{"href":"https:\/\/www.brennerbasisdemokratie.eu\/index.php?rest_route=\/wp\/v2\/posts"}],"about":[{"href":"https:\/\/www.brennerbasisdemokratie.eu\/index.php?rest_route=\/wp\/v2\/types\/post"}],"author":[{"embeddable":true,"href":"https:\/\/www.brennerbasisdemokratie.eu\/index.php?rest_route=\/wp\/v2\/users\/16"}],"replies":[{"embeddable":true,"href":"https:\/\/www.brennerbasisdemokratie.eu\/index.php?rest_route=%2Fwp%2Fv2%2Fcomments&post=36866"}],"version-history":[{"count":2,"href":"https:\/\/www.brennerbasisdemokratie.eu\/index.php?rest_route=\/wp\/v2\/posts\/36866\/revisions"}],"predecessor-version":[{"id":99085,"href":"https:\/\/www.brennerbasisdemokratie.eu\/index.php?rest_route=\/wp\/v2\/posts\/36866\/revisions\/99085"}],"wp:attachment":[{"href":"https:\/\/www.brennerbasisdemokratie.eu\/index.php?rest_route=%2Fwp%2Fv2%2Fmedia&parent=36866"}],"wp:term":[{"taxonomy":"category","embeddable":true,"href":"https:\/\/www.brennerbasisdemokratie.eu\/index.php?rest_route=%2Fwp%2Fv2%2Fcategories&post=36866"},{"taxonomy":"post_tag","embeddable":true,"href":"https:\/\/www.brennerbasisdemokratie.eu\/index.php?rest_route=%2Fwp%2Fv2%2Ftags&post=36866"}],"curies":[{"name":"wp","href":"https:\/\/api.w.org\/{rel}","templated":true}]}}