{"id":36876,"date":"2017-10-04T13:20:31","date_gmt":"2017-10-04T11:20:31","guid":{"rendered":"http:\/\/www.brennerbasisdemokratie.eu\/?p=36876"},"modified":"2023-05-20T23:01:26","modified_gmt":"2023-05-20T21:01:26","slug":"konig-kappt-die-letzten-brucken","status":"publish","type":"post","link":"https:\/\/www.brennerbasisdemokratie.eu\/?p=36876","title":{"rendered":"K\u00f6nig kappt die letzten Br\u00fccken."},"content":{"rendered":"<p>Anl\u00e4sslich der <a title=\"Katalonien, Europa, 2017.\" href=\"http:\/\/www.brennerbasisdemokratie.eu\/?p=36646\">Geschehnisse<\/a> vom vergangenen Sonntag in Katalonien wandte sich der spanische Monarch gestern Abend in einer Fernsehansprache an \u00bbsein\u00ab Volk (und nicht an \u00bbseine\u00ab V\u00f6lker).<\/p>\n<p>In der ernsten Stellungnahme war viel von Verfassung, Demokratie und Rechtsstaat die Rede. Doch exzessive Polizeigewalt, Verletzte, den Wunsch der Katalaninnen nach einer Abstimmung erw\u00e4hnte der Bourbone nicht. Auch Dialog, Verhandlungen und Br\u00fccken waren seines nicht. Vielmehr verortete er die Verantwortung f\u00fcr die jetzige Lage einzig in Katalonien \u2014 was viele gar als Freibrief f\u00fcr die Aufhebung der katalanischen Autonomie interpretierten.<\/p>\n<p>Obschon er sich auch direkt an die katalanische Bev\u00f6lkerung wandte, sprach der Monarch kein einziges Wort auf Katalanisch. Hinter ihm hing passend das Portr\u00e4t eines Ahnen, der einst die katalanische Sprache verboten hatte.<\/p>\n<p>Wenn es \u2014 nach dem Zusammenspiel staatlicher Institutionen gegen das Referendum und der besch\u00e4menden Rolle von <a title=\"Manipulatives Staatsfernsehen?\" href=\"http:\/\/www.brennerbasisdemokratie.eu\/?p=36785\">Staatsfunk<\/a> oder gro\u00dfen Teilen der Opposition \u2014 noch eines Beweises bedurft h\u00e4tte, dass das Problem nicht nur \u00bbMariano Rajoy\u00ab oder \u00bbPP\u00ab, sondern \u00bbspanischer Nationalstaat\u00ab hei\u00dft: Felipe VI hat ihn gestern erbracht.<\/p>\n<p><strong><span style=\"font-family: Helvetica, Arial, sans-serif; text-transform: uppercase;\">C\u00ebla enghe:<\/span><\/strong> <a title=\"Catalogna: condanna a Felipe VI.\" href=\"https:\/\/www.brennerbasisdemokratie.eu\/?p=43179\" rel=\"\"><span style=\"color: #ff8c00\"><code>01<\/code><\/span><\/a> <a title=\"Barcelona verurteilt spanischen K\u00f6nig.\" href=\"https:\/\/www.brennerbasisdemokratie.eu\/?p=43614\" rel=\"\"><span style=\"color: #ff8c00\"><code>02<\/code><\/span><\/a><\/p>","protected":false},"excerpt":{"rendered":"<p>Anl\u00e4sslich der Geschehnisse vom vergangenen Sonntag in Katalonien wandte sich der spanische Monarch gestern Abend in einer Fernsehansprache an \u00bbsein\u00ab Volk (und nicht an \u00bbseine\u00ab V\u00f6lker). In der ernsten Stellungnahme war viel von Verfassung, Demokratie und Rechtsstaat die Rede. Doch exzessive Polizeigewalt, Verletzte, den Wunsch der Katalaninnen nach einer Abstimmung erw\u00e4hnte der Bourbone nicht. Auch [&hellip;]<\/p>","protected":false},"author":1,"featured_media":0,"comment_status":"open","ping_status":"open","sticky":false,"template":"","format":"standard","meta":{"_crdt_document":"","ngg_post_thumbnail":0,"_jetpack_memberships_contains_paid_content":false,"footnotes":""},"categories":[1],"tags":[],"class_list":["post-36876","post","type-post","status-publish","format-standard","hentry","category-allgemein","issue-1o2017","location-catalunya","location-spania","language-deutsch","person-mariano-rajoy","topic-democrazia","topic-grundrechte","topic-nationalismus","topic-politik","topic-recht","topic-selbstbestimmung","topic-zentralismus"],"jetpack_featured_media_url":"","jetpack_sharing_enabled":true,"_links":{"self":[{"href":"https:\/\/www.brennerbasisdemokratie.eu\/index.php?rest_route=\/wp\/v2\/posts\/36876","targetHints":{"allow":["GET"]}}],"collection":[{"href":"https:\/\/www.brennerbasisdemokratie.eu\/index.php?rest_route=\/wp\/v2\/posts"}],"about":[{"href":"https:\/\/www.brennerbasisdemokratie.eu\/index.php?rest_route=\/wp\/v2\/types\/post"}],"author":[{"embeddable":true,"href":"https:\/\/www.brennerbasisdemokratie.eu\/index.php?rest_route=\/wp\/v2\/users\/1"}],"replies":[{"embeddable":true,"href":"https:\/\/www.brennerbasisdemokratie.eu\/index.php?rest_route=%2Fwp%2Fv2%2Fcomments&post=36876"}],"version-history":[{"count":2,"href":"https:\/\/www.brennerbasisdemokratie.eu\/index.php?rest_route=\/wp\/v2\/posts\/36876\/revisions"}],"predecessor-version":[{"id":78568,"href":"https:\/\/www.brennerbasisdemokratie.eu\/index.php?rest_route=\/wp\/v2\/posts\/36876\/revisions\/78568"}],"wp:attachment":[{"href":"https:\/\/www.brennerbasisdemokratie.eu\/index.php?rest_route=%2Fwp%2Fv2%2Fmedia&parent=36876"}],"wp:term":[{"taxonomy":"category","embeddable":true,"href":"https:\/\/www.brennerbasisdemokratie.eu\/index.php?rest_route=%2Fwp%2Fv2%2Fcategories&post=36876"},{"taxonomy":"post_tag","embeddable":true,"href":"https:\/\/www.brennerbasisdemokratie.eu\/index.php?rest_route=%2Fwp%2Fv2%2Ftags&post=36876"}],"curies":[{"name":"wp","href":"https:\/\/api.w.org\/{rel}","templated":true}]}}