{"id":3688,"date":"2009-11-21T09:46:20","date_gmt":"2009-11-21T08:46:20","guid":{"rendered":"http:\/\/www.brennerbasisdemokratie.eu\/?p=3688"},"modified":"2016-08-10T19:00:58","modified_gmt":"2016-08-10T17:00:58","slug":"eu-halt-an-nationalstaaten-fest","status":"publish","type":"post","link":"https:\/\/www.brennerbasisdemokratie.eu\/?p=3688","title":{"rendered":"EU h\u00e4lt an Nationalstaaten fest."},"content":{"rendered":"<p>Die beiden neugeschaffenen EU-Spitzenposten des Ratspr\u00e4sidenten und der \u00bbAu\u00dfenministerin\u00ab waren als Beitrag gedacht, die Union zu st\u00e4rken und ihr \u2014 nach innen und nach au\u00dfen \u2014 ein Gesicht zu verleihen. Nun haben die Nationalstaaten mit der Ernennung zweier unbekannter und weitgehend uncharismatischer Pers\u00f6nlichkeiten ein klares Zeichen gesetzt.<br \/>\nSie stellen klar, dass die Macht in den Hauptst\u00e4dten der Mitgliedsl\u00e4nder liegt und dort auch bleiben soll. Es ist n\u00e4mlich sehr unwahrscheinlich, dass der ehemalige belgische Ministerpr\u00e4sident Herman Van Rompuy mit einer starken Agenda eine unabh\u00e4ngige EU-Politik positionieren wird. Er wei\u00df, dass er der kleinste gemeinsame Nenner zwischen den gro\u00dfen und den kleinen EU-L\u00e4ndern darstellt und nichts mehr. So war denn in seiner Antrittsrede auch sehr viel von den Nationalstaaten und ihrer Unabh\u00e4ngigkeit, und recht wenig von der EU und einer gemeinsamen Vision zu h\u00f6ren. Die neue Au\u00dfenministerin, Catherine Ashton, Baroness Ashton of Upholland, bislang EU-Handelskommissarin, war von ihrer Ernennung sogar derart \u00fcberrascht, dass sie erst gar keine Rede parat hatte. Eine Dem\u00fctigung f\u00fcr das Amt, das auf dem Papier das einflussreichste sein soll, das die EU zu vergeben hat.<\/p>\n<p>Somit ist der Vorfall ein herber R\u00fcckschlag nicht nur f\u00fcr die EU-F\u00f6deralisten, sondern f\u00fcr den politischen Einigungsprozess insgesamt. Es handelt sich um eine klare Ansage der Nationalstaaten: Die Grenzen sollen nicht \u00fcberwunden werden, jede Regierung wird auch weiterhin ihr eigenes S\u00fcppchen kochen, so weit es geht, und nur so wenig Autorit\u00e4t wie unbedingt n\u00f6tig an Br\u00fcssel abtreten.<\/p>","protected":false},"excerpt":{"rendered":"<p>Die beiden neugeschaffenen EU-Spitzenposten des Ratspr\u00e4sidenten und der \u00bbAu\u00dfenministerin\u00ab waren als Beitrag gedacht, die Union zu st\u00e4rken und ihr \u2014 nach innen und nach au\u00dfen \u2014 ein Gesicht zu verleihen. Nun haben die Nationalstaaten mit der Ernennung zweier unbekannter und weitgehend uncharismatischer Pers\u00f6nlichkeiten ein klares Zeichen gesetzt. Sie stellen klar, dass die Macht in den [&hellip;]<\/p>","protected":false},"author":1,"featured_media":0,"comment_status":"open","ping_status":"open","sticky":false,"template":"","format":"standard","meta":{"_crdt_document":"","ngg_post_thumbnail":0,"_jetpack_memberships_contains_paid_content":false,"footnotes":""},"categories":[],"tags":[],"class_list":["post-3688","post","type-post","status-publish","format-standard","hentry","entity-eu","topic-grenzen","topic-nationalismus","topic-politik"],"jetpack_featured_media_url":"","jetpack_sharing_enabled":true,"_links":{"self":[{"href":"https:\/\/www.brennerbasisdemokratie.eu\/index.php?rest_route=\/wp\/v2\/posts\/3688","targetHints":{"allow":["GET"]}}],"collection":[{"href":"https:\/\/www.brennerbasisdemokratie.eu\/index.php?rest_route=\/wp\/v2\/posts"}],"about":[{"href":"https:\/\/www.brennerbasisdemokratie.eu\/index.php?rest_route=\/wp\/v2\/types\/post"}],"author":[{"embeddable":true,"href":"https:\/\/www.brennerbasisdemokratie.eu\/index.php?rest_route=\/wp\/v2\/users\/1"}],"replies":[{"embeddable":true,"href":"https:\/\/www.brennerbasisdemokratie.eu\/index.php?rest_route=%2Fwp%2Fv2%2Fcomments&post=3688"}],"version-history":[{"count":4,"href":"https:\/\/www.brennerbasisdemokratie.eu\/index.php?rest_route=\/wp\/v2\/posts\/3688\/revisions"}],"predecessor-version":[{"id":6910,"href":"https:\/\/www.brennerbasisdemokratie.eu\/index.php?rest_route=\/wp\/v2\/posts\/3688\/revisions\/6910"}],"wp:attachment":[{"href":"https:\/\/www.brennerbasisdemokratie.eu\/index.php?rest_route=%2Fwp%2Fv2%2Fmedia&parent=3688"}],"wp:term":[{"taxonomy":"category","embeddable":true,"href":"https:\/\/www.brennerbasisdemokratie.eu\/index.php?rest_route=%2Fwp%2Fv2%2Fcategories&post=3688"},{"taxonomy":"post_tag","embeddable":true,"href":"https:\/\/www.brennerbasisdemokratie.eu\/index.php?rest_route=%2Fwp%2Fv2%2Ftags&post=3688"}],"curies":[{"name":"wp","href":"https:\/\/api.w.org\/{rel}","templated":true}]}}