{"id":36946,"date":"2017-10-10T23:38:04","date_gmt":"2017-10-10T21:38:04","guid":{"rendered":"https:\/\/www.brennerbasisdemokratie.eu\/?p=69454"},"modified":"2021-11-15T10:31:21","modified_gmt":"2021-11-15T09:31:21","slug":"unabhangigkeit-im-wartestand","status":"publish","type":"post","link":"https:\/\/www.brennerbasisdemokratie.eu\/?p=36946","title":{"rendered":"Unabh\u00e4ngigkeit im Wartestand."},"content":{"rendered":"<p>Pr\u00e4sident Puigdemont hat heute im katalanischen Parlament die Unabh\u00e4ngigkeit des Landes erkl\u00e4rt \u2014 die Wirksamkeit dieser Ank\u00fcndigung aber gleich wieder aufgehoben. Vorl\u00e4ufig. Er k\u00f6nne die Stimmen nicht ignorieren, die ein weiteres Mal zum Dialog aufgefordert haben und hoffe jetzt auf ernsthafte Verhandlungen.<\/p>\n<p>Damit hat er sein Versprechen eingehalten, binnen 48 Stunden ab Verk\u00fcndung der Abstimmungsergebnisse die katalanische Republik auszurufen. Doch er hat auch die Dialogaufrufe, die im Vorfeld seines Auftritts im Regionalparlament wieder lauter geworden waren, nach Madrid umgeleitet.<\/p>\n<p>Dies als Schw\u00e4che auszulegen, k\u00f6nnte ein gravierender Fehler sein.<\/p>\n<p>Inzwischen hat die spanische Regierung angek\u00fcndigt, dass sie morgen fr\u00fch um 9.00 Uhr zusammentreten wird. Dann wird sich zeigen, ob sie sich diesmal auf die Forderungen aus Barcelona einl\u00e4sst \u2014 oder ob sie wieder nur auf sture Zwangsma\u00dfnahmen setzt.<\/p>\n<p><strong><span style=\"font-family: Helvetica, Arial, sans-serif; text-transform: uppercase;\">C\u00ebla enghe:<\/span><\/strong> <a title=\"Artikel 155 als Antwort auf letztes Verhandlungsangebot.\" href=\"https:\/\/www.brennerbasisdemokratie.eu\/?p=36971\" rel=\"\"><span style=\"color: #ff8c00\"><code>01<\/code><\/span><\/a><\/p>","protected":false},"excerpt":{"rendered":"<p>Pr\u00e4sident Puigdemont hat heute im katalanischen Parlament die Unabh\u00e4ngigkeit des Landes erkl\u00e4rt \u2014 die Wirksamkeit dieser Ank\u00fcndigung aber gleich wieder aufgehoben. Vorl\u00e4ufig. Er k\u00f6nne die Stimmen nicht ignorieren, die ein weiteres Mal zum Dialog aufgefordert haben und hoffe jetzt auf ernsthafte Verhandlungen. Damit hat er sein Versprechen eingehalten, binnen 48 Stunden ab Verk\u00fcndung der Abstimmungsergebnisse [&hellip;]<\/p>","protected":false},"author":1,"featured_media":0,"comment_status":"open","ping_status":"open","sticky":false,"template":"","format":"standard","meta":{"_crdt_document":"","ngg_post_thumbnail":0,"_jetpack_memberships_contains_paid_content":false,"footnotes":""},"categories":[1],"tags":[],"class_list":["post-36946","post","type-post","status-publish","format-standard","hentry","category-allgemein","entity-gencat","issue-1o2017","location-catalunya","location-spania","language-deutsch","person-carles-puigdemont","topic-politik","topic-selbstbestimmung"],"jetpack_featured_media_url":"","jetpack_sharing_enabled":true,"_links":{"self":[{"href":"https:\/\/www.brennerbasisdemokratie.eu\/index.php?rest_route=\/wp\/v2\/posts\/36946","targetHints":{"allow":["GET"]}}],"collection":[{"href":"https:\/\/www.brennerbasisdemokratie.eu\/index.php?rest_route=\/wp\/v2\/posts"}],"about":[{"href":"https:\/\/www.brennerbasisdemokratie.eu\/index.php?rest_route=\/wp\/v2\/types\/post"}],"author":[{"embeddable":true,"href":"https:\/\/www.brennerbasisdemokratie.eu\/index.php?rest_route=\/wp\/v2\/users\/1"}],"replies":[{"embeddable":true,"href":"https:\/\/www.brennerbasisdemokratie.eu\/index.php?rest_route=%2Fwp%2Fv2%2Fcomments&post=36946"}],"version-history":[{"count":3,"href":"https:\/\/www.brennerbasisdemokratie.eu\/index.php?rest_route=\/wp\/v2\/posts\/36946\/revisions"}],"predecessor-version":[{"id":69462,"href":"https:\/\/www.brennerbasisdemokratie.eu\/index.php?rest_route=\/wp\/v2\/posts\/36946\/revisions\/69462"}],"wp:attachment":[{"href":"https:\/\/www.brennerbasisdemokratie.eu\/index.php?rest_route=%2Fwp%2Fv2%2Fmedia&parent=36946"}],"wp:term":[{"taxonomy":"category","embeddable":true,"href":"https:\/\/www.brennerbasisdemokratie.eu\/index.php?rest_route=%2Fwp%2Fv2%2Fcategories&post=36946"},{"taxonomy":"post_tag","embeddable":true,"href":"https:\/\/www.brennerbasisdemokratie.eu\/index.php?rest_route=%2Fwp%2Fv2%2Ftags&post=36946"}],"curies":[{"name":"wp","href":"https:\/\/api.w.org\/{rel}","templated":true}]}}