{"id":37,"date":"2005-12-07T01:02:00","date_gmt":"2005-12-07T00:02:00","guid":{"rendered":"http:\/\/www.selbstbestimmung.net\/?p=37"},"modified":"2025-10-08T22:34:01","modified_gmt":"2025-10-08T20:34:01","slug":"erc","status":"publish","type":"post","link":"https:\/\/www.brennerbasisdemokratie.eu\/?p=37","title":{"rendered":"ERC."},"content":{"rendered":"<p>Weiter unten und vor etlichen Monaten war bereits von <em>Esquerra Republicana de Catalunya<\/em> (Republikanische Linke Kataloniens) die Rede. Deren Programm entspricht ziemlich genau meinen pers\u00f6nlichen W\u00fcnschen an eine m\u00f6gliche sozialdemokratische Partei f\u00fcr S\u00fcdtirol. Kandidierte ERC mit einem adaptierten Programm hierzulande, w\u00e4re ihr meine Stimme sicher. Nun k\u00f6nnte man meinen, eine pers\u00f6nliche Wahlaussage in diesem Blog und zu diesem Thema w\u00e4re kontraproduktiv, doch ich will gleich zeigen, warum ich nicht davon ausgehe. Es gibt mehrere Gr\u00fcnde:<\/p>\n<ol>\n<li>Es gibt derzeit keine Partei in S\u00fcdtirol, die diesem Profil entspr\u00e4che. Das ist auch der Grund, warum ich auf ein katalanisches Beispiel zur\u00fcckgreife. Gleichzeitig tut es der \u00dcberparteilichkeit keinen Abbruch, denn keine Partei in S\u00fcdtirol ist wirklich wie ERC und kaum eine ist so weit davon entfernt, dass sie sich von meiner \u00dcberlegung ausgeschlossen f\u00fchlen k\u00f6nnte.<\/li>\n<li>Meine politische Gesinnung, zu der ich stehe, <em>obschon<\/em> meine Absichten \u00fcberparteilich sind, ist f\u00fcr S\u00fcdtirol quasi ein Novum. Ein \u00bbLinker\u00ab oder ein \u00bbSozialdemokrat\u00ab, der sich entschieden f\u00fcr mehr Selbstbestimmung einsetzt? Das muss n\u00e4her untersucht werden. Und ich denke, daran werden sowohl die Konservativen (die ohnehin bereits f\u00fcr diesen Zweck k\u00e4mpfen) als auch die Linken z.T. Gefallen finden. Jedenfalls wird es nicht per se ein Grund sein, das Projekt skeptisch zu be\u00e4ugen.<\/li>\n<li>Wer sich f\u00fcr Selbstbestimmung stark macht, wird merkw\u00fcrdigerweise (s. Beitrag \u00bb<a title=\"Sensibilisierung.\" href=\"http:\/\/www.brennerbasisdemokratie.eu\/?p=39\">Sensibilisierung<\/a>\u00ab) in S\u00fcdtirol ohnehin meist in die rechte Schublade gesteckt. Einen klaren pers\u00f6nlichen Widerspruch halte ich daher f\u00fcr angebracht.<\/li>\n<\/ol>\n<p>Hier also zur Inspiration das Programm von ERC:<\/p>\n<p>Verf\u00fcgbar auf: <a href=\"http:\/\/www.esquerra.org\/web_nova\/arxius\/DIcatala.pdf\">Katalanisch<\/a> | <a href=\"http:\/\/www.esquerra.org\/web_nova\/arxius\/DIangles.pdf\">Englisch<\/a> | <a href=\"http:\/\/www.esquerra.org\/web_nova\/arxius\/DIfrances.pdf\">Franz\u00f6sisch<\/a> | <a href=\"http:\/\/www.esquerra.org\/web_nova\/arxius\/DIcastellano.pdf\">Spanisch<\/a><\/p>\n<p>Au\u00dferdem interessant und sehr zeitgem\u00e4\u00df (\u00bbmodern\u00ab) finde ich das Programm von <em>Iniciativa per Catalunya &#8211; Verds<\/em> (ICV, Initiative f\u00fcr Katalonien &#8211; Gr\u00fcne), deren Mitglieder in Stra\u00dfburg mit unseren <em>Gr\u00fcnen<\/em> in einer Gruppe sitzen. Vielleicht f\u00e4rbt dabei ja was ab\u2026 von gr\u00fcn auf gr\u00fcn sozusagen.<br \/>\nDeren Programm konnte ich leider nicht in \u00fcbersetzter Fassung finden. Wom\u00f6glich gelingt mir das noch, andernfalls werde ich den Text vielleicht selbst ins Deutsche \u00fcbertragen.<\/p>\n<p><strong>Nachtrag vom 29. Juli 2006:<\/strong> Es gibt jetzt offensichtlich eine neue englische Teilfassung der Homepage von ICV <a title=\"http:\/\/www.icv.cat\" href=\"https:\/\/web.archive.org\/web\/20070722154737\/http:\/\/iniciativa.cat\/nacional\/index_eng.php\" target=\"_blank\" rel=\"noopener noreferrer\"><code>01<\/code><\/a> mit einer Zusammenfassung der Parteigeschichte und deren Zielen <a title=\"Zusammenfassung.\" href=\"http:\/\/iniciativa.cat\/nacional\/continguts\/nac_historia_eng.php\" target=\"_blank\" rel=\"noopener noreferrer\"><code>02<\/code><\/a>.<\/p>","protected":false},"excerpt":{"rendered":"<p>Weiter unten und vor etlichen Monaten war bereits von Esquerra Republicana de Catalunya (Republikanische Linke Kataloniens) die Rede. Deren Programm entspricht ziemlich genau meinen pers\u00f6nlichen W\u00fcnschen an eine m\u00f6gliche sozialdemokratische Partei f\u00fcr S\u00fcdtirol. Kandidierte ERC mit einem adaptierten Programm hierzulande, w\u00e4re ihr meine Stimme sicher. Nun k\u00f6nnte man meinen, eine pers\u00f6nliche Wahlaussage in diesem Blog [&hellip;]<\/p>","protected":false},"author":1,"featured_media":0,"comment_status":"open","ping_status":"open","sticky":false,"template":"","format":"standard","meta":{"_crdt_document":"","ngg_post_thumbnail":0,"_jetpack_memberships_contains_paid_content":false,"footnotes":""},"categories":[1],"tags":[],"class_list":["post-37","post","type-post","status-publish","format-standard","hentry","category-allgemein","entity-erc","entity-verc","location-catalunya","language-deutsch","topic-comparatio","topic-politik","topic-selbstbestimmung"],"jetpack_featured_media_url":"","jetpack_sharing_enabled":true,"_links":{"self":[{"href":"https:\/\/www.brennerbasisdemokratie.eu\/index.php?rest_route=\/wp\/v2\/posts\/37","targetHints":{"allow":["GET"]}}],"collection":[{"href":"https:\/\/www.brennerbasisdemokratie.eu\/index.php?rest_route=\/wp\/v2\/posts"}],"about":[{"href":"https:\/\/www.brennerbasisdemokratie.eu\/index.php?rest_route=\/wp\/v2\/types\/post"}],"author":[{"embeddable":true,"href":"https:\/\/www.brennerbasisdemokratie.eu\/index.php?rest_route=\/wp\/v2\/users\/1"}],"replies":[{"embeddable":true,"href":"https:\/\/www.brennerbasisdemokratie.eu\/index.php?rest_route=%2Fwp%2Fv2%2Fcomments&post=37"}],"version-history":[{"count":10,"href":"https:\/\/www.brennerbasisdemokratie.eu\/index.php?rest_route=\/wp\/v2\/posts\/37\/revisions"}],"predecessor-version":[{"id":95119,"href":"https:\/\/www.brennerbasisdemokratie.eu\/index.php?rest_route=\/wp\/v2\/posts\/37\/revisions\/95119"}],"wp:attachment":[{"href":"https:\/\/www.brennerbasisdemokratie.eu\/index.php?rest_route=%2Fwp%2Fv2%2Fmedia&parent=37"}],"wp:term":[{"taxonomy":"category","embeddable":true,"href":"https:\/\/www.brennerbasisdemokratie.eu\/index.php?rest_route=%2Fwp%2Fv2%2Fcategories&post=37"},{"taxonomy":"post_tag","embeddable":true,"href":"https:\/\/www.brennerbasisdemokratie.eu\/index.php?rest_route=%2Fwp%2Fv2%2Ftags&post=37"}],"curies":[{"name":"wp","href":"https:\/\/api.w.org\/{rel}","templated":true}]}}