{"id":37039,"date":"2017-10-16T21:41:08","date_gmt":"2017-10-16T19:41:08","guid":{"rendered":"http:\/\/www.brennerbasisdemokratie.eu\/?p=37039"},"modified":"2020-10-22T11:04:30","modified_gmt":"2020-10-22T09:04:30","slug":"politische-gefangene-in-katalonien","status":"publish","type":"post","link":"https:\/\/www.brennerbasisdemokratie.eu\/?p=37039","title":{"rendered":"Politische Gefangene in Katalonien?"},"content":{"rendered":"<p>Jordi Cuixart, Leiter von <em>\u00d2mnium Cultural,<\/em> und Namensvetter Jordi S\u00e0nchez, Vorsitzender der Unabh\u00e4ngigkeitsbewegung ANC, m\u00fcssen sofort ins Gef\u00e4ngnis. Das hat die Richterin am nationalen Gerichtshof, Carmen Lamela, heute entschieden, indem sie auf die Forderung der Staatsanwaltschaft einging.<\/p>\n<p>Cuixart und S\u00e0nchez <a title=\"Katalonien: Angriff auf die Zivilgesellschaft.\" href=\"http:\/\/www.brennerbasisdemokratie.eu\/?p=36441\">wird vorgeworfen<\/a>, am 20. September einen Volksaufstand organisiert zu haben, als sie zu Protesten gegen <a title=\"Eil: Staatsstreich in Barcelona.\" href=\"http:\/\/www.brennerbasisdemokratie.eu\/?p=36347\">das Eindringen der <em>Guardia Civil<\/em> in Geb\u00e4ude der <em>Generalitat<\/em> und die Festnahme von hohen katalanischen Funktion\u00e4rinnen<\/a> aufriefen. Ihnen drohen Haftstrafen von bis zu 15 Jahren.<\/p>\n<p>Der ebenfalls wegen Volksaufstands angeklagte Major Josep Llu\u00eds Trapero, Chef der Landespolizei <em>Mossos d\u2019Esquadra,<\/em> wurde hingegen vorl\u00e4ufig und unter Auflagen auf freien Fu\u00df gesetzt; anders als von der Staatsanwaltschaft gefordert, muss er (noch) nicht ins Gef\u00e4ngnis, doch sein Pass wurde eingezogen.<\/p>\n<p><strong><span style=\"font-family: Helvetica, Arial, sans-serif; text-transform: uppercase;\">C\u00ebla enghe:<\/span><\/strong> <a title=\"L\u2019ONU esige la liberazione di Oriol e dei Jordi.\" href=\"http:\/\/www.brennerbasisdemokratie.eu\/?p=48876\"><span style=\"color: #ff8c00\"><code>01<\/code><\/span><\/a> <a title=\"Gef\u00e4ngnisbesuch: Joan Baez unterst\u00fctzt katalanische Unabh\u00e4ngigkeitsbewegung.\" href=\"http:\/\/www.brennerbasisdemokratie.eu\/?p=50339\"><span style=\"color: #ff8c00\"><code>02<\/code><\/span><\/a> <a title=\"100 Jahre f\u00fcr ein Referendum.\" href=\"http:\/\/www.brennerbasisdemokratie.eu\/?p=51551\"><span style=\"color: #ff8c00\"><code>03<\/code><\/span><\/a><\/p>","protected":false},"excerpt":{"rendered":"<p>Jordi Cuixart, Leiter von \u00d2mnium Cultural, und Namensvetter Jordi S\u00e0nchez, Vorsitzender der Unabh\u00e4ngigkeitsbewegung ANC, m\u00fcssen sofort ins Gef\u00e4ngnis. Das hat die Richterin am nationalen Gerichtshof, Carmen Lamela, heute entschieden, indem sie auf die Forderung der Staatsanwaltschaft einging. Cuixart und S\u00e0nchez wird vorgeworfen, am 20. September einen Volksaufstand organisiert zu haben, als sie zu Protesten gegen [&hellip;]<\/p>","protected":false},"author":1,"featured_media":0,"comment_status":"open","ping_status":"open","sticky":false,"template":"","format":"standard","meta":{"_crdt_document":"","ngg_post_thumbnail":0,"_jetpack_memberships_contains_paid_content":false,"footnotes":""},"categories":[1],"tags":[],"class_list":["post-37039","post","type-post","status-publish","format-standard","hentry","category-allgemein","entity-gencat","entity-guardia-civil","entity-mossos-desquadra","issue-1o2017","location-catalunya","language-deutsch","person-jordi-cuixart","person-jordi-sanchez","topic-democrazia","topic-grundrechte","topic-politik","topic-polizei","topic-recht","topic-repression","topic-selbstbestimmung","topic-ungehorsam"],"jetpack_featured_media_url":"","jetpack_sharing_enabled":true,"_links":{"self":[{"href":"https:\/\/www.brennerbasisdemokratie.eu\/index.php?rest_route=\/wp\/v2\/posts\/37039","targetHints":{"allow":["GET"]}}],"collection":[{"href":"https:\/\/www.brennerbasisdemokratie.eu\/index.php?rest_route=\/wp\/v2\/posts"}],"about":[{"href":"https:\/\/www.brennerbasisdemokratie.eu\/index.php?rest_route=\/wp\/v2\/types\/post"}],"author":[{"embeddable":true,"href":"https:\/\/www.brennerbasisdemokratie.eu\/index.php?rest_route=\/wp\/v2\/users\/1"}],"replies":[{"embeddable":true,"href":"https:\/\/www.brennerbasisdemokratie.eu\/index.php?rest_route=%2Fwp%2Fv2%2Fcomments&post=37039"}],"version-history":[{"count":6,"href":"https:\/\/www.brennerbasisdemokratie.eu\/index.php?rest_route=\/wp\/v2\/posts\/37039\/revisions"}],"predecessor-version":[{"id":61403,"href":"https:\/\/www.brennerbasisdemokratie.eu\/index.php?rest_route=\/wp\/v2\/posts\/37039\/revisions\/61403"}],"wp:attachment":[{"href":"https:\/\/www.brennerbasisdemokratie.eu\/index.php?rest_route=%2Fwp%2Fv2%2Fmedia&parent=37039"}],"wp:term":[{"taxonomy":"category","embeddable":true,"href":"https:\/\/www.brennerbasisdemokratie.eu\/index.php?rest_route=%2Fwp%2Fv2%2Fcategories&post=37039"},{"taxonomy":"post_tag","embeddable":true,"href":"https:\/\/www.brennerbasisdemokratie.eu\/index.php?rest_route=%2Fwp%2Fv2%2Ftags&post=37039"}],"curies":[{"name":"wp","href":"https:\/\/api.w.org\/{rel}","templated":true}]}}