{"id":37107,"date":"2017-10-22T17:08:31","date_gmt":"2017-10-22T15:08:31","guid":{"rendered":"https:\/\/www.brennerbasisdemokratie.eu\/?p=69316"},"modified":"2021-11-11T18:54:45","modified_gmt":"2021-11-11T17:54:45","slug":"porjuns","status":"publish","type":"post","link":"https:\/\/www.brennerbasisdemokratie.eu\/?p=37107","title":{"rendered":"Porjuns."},"content":{"rendered":"<p><em>N comentar dl redad\u00fa [dla Usc di Ladins] Iaco Rigo<\/em><\/p>\n<p>La Spagna fej p\u00f6 pert dla UE-Uniun Europeica. An se fej demorv\u00ebia che l\u2019Europa scuta s\u00ebgn, tres ciam\u00f3, ince canche al ti v\u00ebgn proib\u00ed a porsones da bai\u00e9 y da daman\u00e9 i d\u00ebrc dl\u2019umanit\u00e9. Gran pert dla Catalunya \u00e1 scioper\u00e9 zacan n de, protestan insci\u00f6 cuntra l\u2019arest di dui leaders independentis\u0107 Jordi Sanchez y Jordi Cuixart. La Spagna \u00e1 s\u00ebgn s\u00fc \u201cprijoniers politics\u201d. Amez l\u2019Europa y tl c\u00f6r dla UE. I tomun derevers de c\u00ebnc de agn. I ne cherdun nia pl\u00fc ales definiziuns \u201clibert\u00e9, \u00e9galit\u00e9, fraternit\u00e9\u201d dla Revoluziun Franzeja. Messunse s\u00ebgn se desmenti\u00e9 di gragn valurs democratics che ch\u00ebsta Europa \u00e1 arjunt, cun n gr\u00f6m de porsones che \u00e2 alb\u00fc lasc\u00e9 porch\u00ebl la vita? Te Statesc moderns y democratics, desco p.ej. ince tl\u2019America (USA) v\u00ebgnel contest\u00e9 la libert\u00e9 d\u2019espresciun y de critica. Che garant\u00ebsc pa pord\u00ebrt che Statesc tignes ite chisc d\u00ebrc fondamentai dla porsona y conviv\u00ebnza zivila? Deg\u00fcgn! Gnanca pl\u00fc l\u2019ONU! Tres les ghiranzes do independ\u00ebnza tla Catalunya unse od\u00fc che i catalans \u2013 y ince i spagnoi inst\u00ebsc \u2013 \u00e9 susc, tralasci\u00e1 da chi che podess forsc daid\u00e9 (almanco porv\u00e9 da antermedi\u00e9). Y insci\u00f6 mancia le dialogh, avisa ch\u00ebl dialogh che foss fat de parores, parores ziviles, desco ch\u00ebres che v\u00ebgn proibides!<\/p>","protected":false},"excerpt":{"rendered":"<p>N comentar dl redad\u00fa [dla Usc di Ladins] Iaco Rigo La Spagna fej p\u00f6 pert dla UE-Uniun Europeica. An se fej demorv\u00ebia che l\u2019Europa scuta s\u00ebgn, tres ciam\u00f3, ince canche al ti v\u00ebgn proib\u00ed a porsones da bai\u00e9 y da daman\u00e9 i d\u00ebrc dl\u2019umanit\u00e9. Gran pert dla Catalunya \u00e1 scioper\u00e9 zacan n de, protestan insci\u00f6 [&hellip;]<\/p>","protected":false},"author":1,"featured_media":0,"comment_status":"open","ping_status":"open","sticky":false,"template":"","format":"standard","meta":{"_crdt_document":"","ngg_post_thumbnail":0,"_jetpack_memberships_contains_paid_content":false,"footnotes":""},"categories":[1],"tags":[],"class_list":["post-37107","post","type-post","status-publish","format-standard","hentry","category-allgemein","entity-eu","entity-uno","issue-1o2017","location-catalunya","location-spania","location-usa","language-ladin","medium-usc-di-ladins","person-jordi-cuixart","person-jordi-sanchez","topic-democrazia","topic-grundrechte","topic-repression","topic-selbstbestimmung"],"jetpack_featured_media_url":"","jetpack_sharing_enabled":true,"_links":{"self":[{"href":"https:\/\/www.brennerbasisdemokratie.eu\/index.php?rest_route=\/wp\/v2\/posts\/37107","targetHints":{"allow":["GET"]}}],"collection":[{"href":"https:\/\/www.brennerbasisdemokratie.eu\/index.php?rest_route=\/wp\/v2\/posts"}],"about":[{"href":"https:\/\/www.brennerbasisdemokratie.eu\/index.php?rest_route=\/wp\/v2\/types\/post"}],"author":[{"embeddable":true,"href":"https:\/\/www.brennerbasisdemokratie.eu\/index.php?rest_route=\/wp\/v2\/users\/1"}],"replies":[{"embeddable":true,"href":"https:\/\/www.brennerbasisdemokratie.eu\/index.php?rest_route=%2Fwp%2Fv2%2Fcomments&post=37107"}],"version-history":[{"count":1,"href":"https:\/\/www.brennerbasisdemokratie.eu\/index.php?rest_route=\/wp\/v2\/posts\/37107\/revisions"}],"predecessor-version":[{"id":69318,"href":"https:\/\/www.brennerbasisdemokratie.eu\/index.php?rest_route=\/wp\/v2\/posts\/37107\/revisions\/69318"}],"wp:attachment":[{"href":"https:\/\/www.brennerbasisdemokratie.eu\/index.php?rest_route=%2Fwp%2Fv2%2Fmedia&parent=37107"}],"wp:term":[{"taxonomy":"category","embeddable":true,"href":"https:\/\/www.brennerbasisdemokratie.eu\/index.php?rest_route=%2Fwp%2Fv2%2Fcategories&post=37107"},{"taxonomy":"post_tag","embeddable":true,"href":"https:\/\/www.brennerbasisdemokratie.eu\/index.php?rest_route=%2Fwp%2Fv2%2Ftags&post=37107"}],"curies":[{"name":"wp","href":"https:\/\/api.w.org\/{rel}","templated":true}]}}