{"id":37112,"date":"2017-10-23T19:36:13","date_gmt":"2017-10-23T17:36:13","guid":{"rendered":"https:\/\/www.brennerbasisdemokratie.eu\/?p=69361"},"modified":"2024-02-18T20:32:03","modified_gmt":"2024-02-18T19:32:03","slug":"foderalistischer-wind-in-venetien-und-lombardei","status":"publish","type":"post","link":"https:\/\/www.brennerbasisdemokratie.eu\/?p=37112","title":{"rendered":"F\u00f6deralistischer Wind in Venetien und Lombardei."},"content":{"rendered":"<p>Am gestrigen Sonntag wurde in den beiden an S\u00fcdtirol grenzenden Regionen Lombardei und Venetien <a title=\"Lombardei und Venetien wollen mehr Befugnisse.\" href=\"http:\/\/www.brennerbasisdemokratie.eu\/?p=37096\">abgestimmt<\/a>, ob man sich vom Zentralstaat (gem\u00e4\u00df Verfassungsartikel 116) neue Zust\u00e4ndigkeiten soll \u00fcbertragen lassen.<\/p>\n<p>Zu den Ergebnissen:<\/p>\n<ul>\n<li>Besonders erfolgreich war die Abstimmung in Venetien, wo sich 57,2% der Stimmberechtigten zu den Urnen begab und somit das Beteiligungsquorum von 50% \u00fcberschritten wurde. 98,1% der Abstimmenden sprachen sich f\u00fcr den Ausbau der regionalen Befugnisse aus.<\/li>\n<li>In der Lombardei beteiligten sich nur 38,3% der Berechtigten an der Abstimmung, auch in diesem Fall war die Zustimmung zur \u00dcbernahme neuer Kompetenzen mit 95,3% besonders hoch. Ein Quorum hatte die Regierung in Mailand nicht vorgesehen.<\/li>\n<li>Bei einer gleichzeitig in der Provinz Belluno stattfindenden Abstimmung sprachen sich 98,7% f\u00fcr mehr Unabh\u00e4ngigkeit von Venedig aus. Rund 52% der stimmberechtigten Bev\u00f6lkerung beteiligten sich an diesem Entscheid.<\/li>\n<li>In allen drei F\u00e4llen scheinen sich die Gegnerinnen von mehr Autonomie nicht angesprochen gef\u00fchlt zu haben \u2014 oder aber es gab tats\u00e4chlich nur sehr wenige.<\/li>\n<li>Der Pr\u00e4sident von Venetien, Luca Zaia <em>(Lega),<\/em> hat bereits angek\u00fcndigt, dass er angesichts des klaren Ergebnisses ein Sonderstatut f\u00fcr seine Region und den Einbehalt von 9\/10 der Steuereinnahmen fordern werde. Beides war jedoch nicht Gegenstand der Befragung.<\/li>\n<li>Die Zentralregierung in Rom hat hingegen mitgeteilt, dass sie \u00fcber den Fiskus nicht verhandeln werde.<\/li>\n<\/ul>\n<p>So ist die regionale Abstimmung in den Gemeinden von Souramont sowie in Plodn gelaufen:<\/p>\n<ul>\n<li>Anpezo: 54,8% Beteiligung und 97,8% Zustimmung.<\/li>\n<li>Col: 43,2% Beteiligung und 97,6% Zustimmung.<\/li>\n<li>Fodom: 27,9% Beteiligung und 96,5% Zustimmung.<\/li>\n<li>Plodn: 46,2% Beteiligung und 98,6% Zustimmung.<\/li>\n<\/ul>\n<p>Au\u00dfer in Anpezo wurde in Souramont eine unterdurchschnittliche Beteiligung verzeichnet, was darauf schlie\u00dfen lassen k\u00f6nnte, dass <a title=\"M\u00e4\u00dfiger Erfolg f\u00fcr \u00bbProvinzia Ladina\u00ab.\" href=\"http:\/\/www.brennerbasisdemokratie.eu\/?p=37053\">Aufrufe zur Zur\u00fcckhaltung<\/a> gewirkt haben. Die drei Gemeinden hatten vor rund zehn Jahren gro\u00dfmehrheitlich f\u00fcr eine Angliederung an S\u00fcdtirol gestimmt.<\/p>\n<p>Plodn, wo die Beteiligung ebenfalls unter dem Durchschnitt war, steht hingegen vor einer m\u00f6glichen Angliederung an die Region Friaul-Julien.<\/p>\n<p><strong><span style=\"font-family: Helvetica, Arial, sans-serif; text-transform: uppercase;\">C\u00ebla enghe:<\/span><\/strong> <a title=\"Rom \u00bbbestraft\u00ab Autonomiereferenda.\" href=\"https:\/\/www.brennerbasisdemokratie.eu\/?p=37124\" rel=\"\"><span style=\"color: #ff8c00\"><code>01<\/code><\/span><\/a> <a href=\"https:\/\/www.brennerbasisdemokratie.eu\/?p=83918\" title=\"F\u00f6deralisierung als Gefahr f\u00fcr die Autonomie.\"><span style=\"color: #ff8c00\"><code>02<\/code><\/span><\/a><\/p>","protected":false},"excerpt":{"rendered":"<p>Am gestrigen Sonntag wurde in den beiden an S\u00fcdtirol grenzenden Regionen Lombardei und Venetien abgestimmt, ob man sich vom Zentralstaat (gem\u00e4\u00df Verfassungsartikel 116) neue Zust\u00e4ndigkeiten soll \u00fcbertragen lassen. Zu den Ergebnissen: Besonders erfolgreich war die Abstimmung in Venetien, wo sich 57,2% der Stimmberechtigten zu den Urnen begab und somit das Beteiligungsquorum von 50% \u00fcberschritten wurde. [&hellip;]<\/p>","protected":false},"author":1,"featured_media":0,"comment_status":"open","ping_status":"open","sticky":false,"template":"","format":"standard","meta":{"_crdt_document":"","ngg_post_thumbnail":0,"_jetpack_memberships_contains_paid_content":false,"footnotes":""},"categories":[1],"tags":[],"class_list":["post-37112","post","type-post","status-publish","format-standard","hentry","category-allgemein","entity-lega","location-friaul","location-italy","location-lombardia","location-souramont","location-venetien","language-deutsch","topic-foederalismus","topic-mitbestimmung","topic-politik","topic-wirtschaft","topic-zustaendigkeiten"],"jetpack_featured_media_url":"","jetpack_sharing_enabled":true,"_links":{"self":[{"href":"https:\/\/www.brennerbasisdemokratie.eu\/index.php?rest_route=\/wp\/v2\/posts\/37112","targetHints":{"allow":["GET"]}}],"collection":[{"href":"https:\/\/www.brennerbasisdemokratie.eu\/index.php?rest_route=\/wp\/v2\/posts"}],"about":[{"href":"https:\/\/www.brennerbasisdemokratie.eu\/index.php?rest_route=\/wp\/v2\/types\/post"}],"author":[{"embeddable":true,"href":"https:\/\/www.brennerbasisdemokratie.eu\/index.php?rest_route=\/wp\/v2\/users\/1"}],"replies":[{"embeddable":true,"href":"https:\/\/www.brennerbasisdemokratie.eu\/index.php?rest_route=%2Fwp%2Fv2%2Fcomments&post=37112"}],"version-history":[{"count":4,"href":"https:\/\/www.brennerbasisdemokratie.eu\/index.php?rest_route=\/wp\/v2\/posts\/37112\/revisions"}],"predecessor-version":[{"id":83928,"href":"https:\/\/www.brennerbasisdemokratie.eu\/index.php?rest_route=\/wp\/v2\/posts\/37112\/revisions\/83928"}],"wp:attachment":[{"href":"https:\/\/www.brennerbasisdemokratie.eu\/index.php?rest_route=%2Fwp%2Fv2%2Fmedia&parent=37112"}],"wp:term":[{"taxonomy":"category","embeddable":true,"href":"https:\/\/www.brennerbasisdemokratie.eu\/index.php?rest_route=%2Fwp%2Fv2%2Fcategories&post=37112"},{"taxonomy":"post_tag","embeddable":true,"href":"https:\/\/www.brennerbasisdemokratie.eu\/index.php?rest_route=%2Fwp%2Fv2%2Ftags&post=37112"}],"curies":[{"name":"wp","href":"https:\/\/api.w.org\/{rel}","templated":true}]}}