{"id":37128,"date":"2017-10-25T15:55:13","date_gmt":"2017-10-25T13:55:13","guid":{"rendered":"http:\/\/www.brennerbasisdemokratie.eu\/?p=37128"},"modified":"2025-12-12T10:14:33","modified_gmt":"2025-12-12T09:14:33","slug":"die-eu-darf-katalonien-nicht-alleine-lassen","status":"publish","type":"post","link":"https:\/\/www.brennerbasisdemokratie.eu\/?p=37128","title":{"rendered":"\u203aDie EU darf Katalonien nicht alleine lassen!\u2039"},"content":{"rendered":"<p>Herr Wolfgang Oberparleiter macht uns auf eine Initiative aufmerksam, die er auf der Petitionsplattform von <em>Campact<\/em> gestartet hat. Der Wortlaut des Aufrufs:<\/p>\n<blockquote><p>Der EU-Kommissionspr\u00e4sident muss sich aktiv und \u00f6ffentlich f\u00fcr eine Kompromissl\u00f6sung im Katalonien-Konflikt einsetzen.<\/p>\n<p><strong>Warum ist das wichtig?<\/strong><\/p>\n<p>Die Eskalation des Konfliktes in Katalonien darf die EU nicht kalt lassen. Eine friedliche L\u00f6sung muss wichtiger sein als die Integrit\u00e4t von Nationalstaaten. Der Wunsch der Bev\u00f6lkerungen nach autonomer Selbstverwaltung muss von der EU-Kommission ernst genommen und unterst\u00fctzt werden. Dem Erhalt der kulturellen Vielfalt muss mindestens soviel Gewicht gegeben werden wie der Wahrung von wirtschaftlichen Interessen.<\/p><\/blockquote>\n<p><img class=\"bbdlogo\" src=\"https:\/\/www.brennerbasisdemokratie.eu\/wp-content\/uploads\/bbdsmileys\/bbde.png\"> ruft dazu auf, <a class=\"external external_icon\" title=\"Petition: Die EU darf Katalonien nicht alleine lassen!\" href=\"https:\/\/weact.campact.de\/petitions\/die-eu-darf-katalonien-nicht-alleine-lassen-1\" target=\"_blank\" rel=\"noopener nofollow noreferrer\">die Petition<\/a> zu unterzeichnen!<\/p>","protected":false},"excerpt":{"rendered":"<p>Herr Wolfgang Oberparleiter macht uns auf eine Initiative aufmerksam, die er auf der Petitionsplattform von Campact gestartet hat. Der Wortlaut des Aufrufs: Der EU-Kommissionspr\u00e4sident muss sich aktiv und \u00f6ffentlich f\u00fcr eine Kompromissl\u00f6sung im Katalonien-Konflikt einsetzen. Warum ist das wichtig? Die Eskalation des Konfliktes in Katalonien darf die EU nicht kalt lassen. Eine friedliche L\u00f6sung muss [&hellip;]<\/p>","protected":false},"author":1,"featured_media":0,"comment_status":"open","ping_status":"open","sticky":false,"template":"","format":"standard","meta":{"_crdt_document":"","ngg_post_thumbnail":0,"_jetpack_memberships_contains_paid_content":false,"footnotes":""},"categories":[1],"tags":[],"class_list":["post-37128","post","type-post","status-publish","format-standard","hentry","category-allgemein","entity-eu","issue-zitac","location-catalunya","location-sudtirolo","language-deutsch","topic-democrazia","topic-engagement","topic-grundrechte","topic-nationalismus","topic-politik","topic-selbstbestimmung"],"jetpack_featured_media_url":"","jetpack_sharing_enabled":true,"_links":{"self":[{"href":"https:\/\/www.brennerbasisdemokratie.eu\/index.php?rest_route=\/wp\/v2\/posts\/37128","targetHints":{"allow":["GET"]}}],"collection":[{"href":"https:\/\/www.brennerbasisdemokratie.eu\/index.php?rest_route=\/wp\/v2\/posts"}],"about":[{"href":"https:\/\/www.brennerbasisdemokratie.eu\/index.php?rest_route=\/wp\/v2\/types\/post"}],"author":[{"embeddable":true,"href":"https:\/\/www.brennerbasisdemokratie.eu\/index.php?rest_route=\/wp\/v2\/users\/1"}],"replies":[{"embeddable":true,"href":"https:\/\/www.brennerbasisdemokratie.eu\/index.php?rest_route=%2Fwp%2Fv2%2Fcomments&post=37128"}],"version-history":[{"count":2,"href":"https:\/\/www.brennerbasisdemokratie.eu\/index.php?rest_route=\/wp\/v2\/posts\/37128\/revisions"}],"predecessor-version":[{"id":96784,"href":"https:\/\/www.brennerbasisdemokratie.eu\/index.php?rest_route=\/wp\/v2\/posts\/37128\/revisions\/96784"}],"wp:attachment":[{"href":"https:\/\/www.brennerbasisdemokratie.eu\/index.php?rest_route=%2Fwp%2Fv2%2Fmedia&parent=37128"}],"wp:term":[{"taxonomy":"category","embeddable":true,"href":"https:\/\/www.brennerbasisdemokratie.eu\/index.php?rest_route=%2Fwp%2Fv2%2Fcategories&post=37128"},{"taxonomy":"post_tag","embeddable":true,"href":"https:\/\/www.brennerbasisdemokratie.eu\/index.php?rest_route=%2Fwp%2Fv2%2Ftags&post=37128"}],"curies":[{"name":"wp","href":"https:\/\/api.w.org\/{rel}","templated":true}]}}