{"id":3739,"date":"2009-11-22T13:39:16","date_gmt":"2009-11-22T12:39:16","guid":{"rendered":"http:\/\/www.brennerbasisdemokratie.eu\/?p=3739"},"modified":"2020-02-10T12:01:56","modified_gmt":"2020-02-10T11:01:56","slug":"40-jahre-paket","status":"publish","type":"post","link":"https:\/\/www.brennerbasisdemokratie.eu\/?p=3739","title":{"rendered":"40 Jahre Paket."},"content":{"rendered":"<p><img loading=\"lazy\" decoding=\"async\" class=\"alignright size-full wp-image-3738\" title=\"2311\" src=\"http:\/\/www.brennerbasisdemokratie.eu\/wp-content\/uploads\/2009\/11\/nov23.jpg\" alt=\"2311\" width=\"101\" height=\"104\"\/>Am morgigen 23. November j\u00e4hrt sich die Paketannahme durch die Landesversammlung der <abbr title=\"S\u00fcdtiroler Volkspartei\">SVP<\/abbr> zum 40. Mal. Es war damals eine richtige Entscheidung, und mit an Sicherheit grenzender Wahrscheinlichkeit auch die bessere. Aus diesem Grund sollte dies f\u00fcr alle S\u00fcdtirolerinnen \u2014 auch jene, die nun an der \u00dcberwindung der Autonomie arbeiten \u2014 ein Feiertag sein.<br \/>\nDer <em>Volkspartei<\/em> ist zu w\u00fcnschen, dass sie wieder die Interessen der Bev\u00f6lkerung in den Mittelpunkt stellt und sich eine neue Vision f\u00fcr dieses Land zulegt. Auf Lorbeeren sollte man sich nur am Jubil\u00e4umstag ausruhen.<\/p>","protected":false},"excerpt":{"rendered":"<p>Am morgigen 23. November j\u00e4hrt sich die Paketannahme durch die Landesversammlung der SVP zum 40. Mal. Es war damals eine richtige Entscheidung, und mit an Sicherheit grenzender Wahrscheinlichkeit auch die bessere. Aus diesem Grund sollte dies f\u00fcr alle S\u00fcdtirolerinnen \u2014 auch jene, die nun an der \u00dcberwindung der Autonomie arbeiten \u2014 ein Feiertag sein. Der [&hellip;]<\/p>","protected":false},"author":1,"featured_media":0,"comment_status":"open","ping_status":"open","sticky":false,"template":"","format":"standard","meta":{"_crdt_document":"","ngg_post_thumbnail":0,"_jetpack_memberships_contains_paid_content":false,"footnotes":""},"categories":[1],"tags":[],"class_list":["post-3739","post","type-post","status-publish","format-standard","hentry","category-allgemein","entity-svp","location-sudtirolo","language-deutsch","topic-geschichte","topic-politik","topic-termin"],"jetpack_featured_media_url":"","jetpack_sharing_enabled":true,"_links":{"self":[{"href":"https:\/\/www.brennerbasisdemokratie.eu\/index.php?rest_route=\/wp\/v2\/posts\/3739","targetHints":{"allow":["GET"]}}],"collection":[{"href":"https:\/\/www.brennerbasisdemokratie.eu\/index.php?rest_route=\/wp\/v2\/posts"}],"about":[{"href":"https:\/\/www.brennerbasisdemokratie.eu\/index.php?rest_route=\/wp\/v2\/types\/post"}],"author":[{"embeddable":true,"href":"https:\/\/www.brennerbasisdemokratie.eu\/index.php?rest_route=\/wp\/v2\/users\/1"}],"replies":[{"embeddable":true,"href":"https:\/\/www.brennerbasisdemokratie.eu\/index.php?rest_route=%2Fwp%2Fv2%2Fcomments&post=3739"}],"version-history":[{"count":8,"href":"https:\/\/www.brennerbasisdemokratie.eu\/index.php?rest_route=\/wp\/v2\/posts\/3739\/revisions"}],"predecessor-version":[{"id":54746,"href":"https:\/\/www.brennerbasisdemokratie.eu\/index.php?rest_route=\/wp\/v2\/posts\/3739\/revisions\/54746"}],"wp:attachment":[{"href":"https:\/\/www.brennerbasisdemokratie.eu\/index.php?rest_route=%2Fwp%2Fv2%2Fmedia&parent=3739"}],"wp:term":[{"taxonomy":"category","embeddable":true,"href":"https:\/\/www.brennerbasisdemokratie.eu\/index.php?rest_route=%2Fwp%2Fv2%2Fcategories&post=3739"},{"taxonomy":"post_tag","embeddable":true,"href":"https:\/\/www.brennerbasisdemokratie.eu\/index.php?rest_route=%2Fwp%2Fv2%2Ftags&post=3739"}],"curies":[{"name":"wp","href":"https:\/\/api.w.org\/{rel}","templated":true}]}}