{"id":37433,"date":"2017-11-09T08:13:38","date_gmt":"2017-11-09T07:13:38","guid":{"rendered":"http:\/\/www.brennerbasisdemokratie.eu\/?p=37433"},"modified":"2022-07-03T20:21:11","modified_gmt":"2022-07-03T18:21:11","slug":"quotation-423-das-gerechtere-europa","status":"publish","type":"post","link":"https:\/\/www.brennerbasisdemokratie.eu\/?p=37433","title":{"rendered":"Das gerechtere Europa."},"content":{"rendered":"<blockquote><p>Regionen sind das Gewachsene. Nationen das Erk\u00e4mpfte. Eine Region muss nicht mit Blut und Eisen geschmiedet werden. Sie besteht, und sie bleibt auch bestehen. Also lasst doch die Landkarten sich neu sortieren! Das Europa der Regionen w\u00e4re das gerechtere Europa. Es w\u00fcrde nicht von den gro\u00dfen Fl\u00e4chenstaaten Deutschland und Frankreich dominiert. Und es w\u00e4re das vielf\u00e4ltigere Europa. Ein buntes Kaleidoskop der Kulturen, die unter einem gemeinsamen europ\u00e4ischen Dach aufbl\u00fchen k\u00f6nnten.<\/p><\/blockquote>\n<p><em>Jakob Augstein in der <\/em>Spiegel<em>-Kolumne <\/em>Im Zweifel links<em> unter dem Titel <\/em>Viva la Sezession!<\/p>\n<p><strong><span style=\"font-family: Helvetica, Arial, sans-serif; text-transform: uppercase;\">C\u00ebla enghe:<\/span><\/strong> <a title=\"Scardinare la finzione.\" href=\"http:\/\/www.brennerbasisdemokratie.eu\/?p=37293\"><code>01<\/code><\/a> <a title=\"Menasse \u00fcber Katalonien und Schottland.\" href=\"http:\/\/www.brennerbasisdemokratie.eu\/?p=14784\"><code>02<\/code><\/a><\/p>","protected":false},"excerpt":{"rendered":"<p>Regionen sind das Gewachsene. Nationen das Erk\u00e4mpfte. Eine Region muss nicht mit Blut und Eisen geschmiedet werden. Sie besteht, und sie bleibt auch bestehen. Also lasst doch die Landkarten sich neu sortieren! Das Europa der Regionen w\u00e4re das gerechtere Europa. Es w\u00fcrde nicht von den gro\u00dfen Fl\u00e4chenstaaten Deutschland und Frankreich dominiert. Und es w\u00e4re das [&hellip;]<\/p>","protected":false},"author":1,"featured_media":0,"comment_status":"open","ping_status":"open","sticky":false,"template":"","format":"standard","meta":{"_crdt_document":"","ngg_post_thumbnail":0,"_jetpack_memberships_contains_paid_content":false,"footnotes":""},"categories":[1],"tags":[],"class_list":["post-37433","post","type-post","status-publish","format-standard","hentry","category-allgemein","entity-eu","issue-quotation","language-deutsch","medium-spiegel","topic-kunstcultura","topic-medien","topic-nationalismus","topic-politik","topic-selbstbestimmung"],"jetpack_featured_media_url":"","jetpack_sharing_enabled":true,"_links":{"self":[{"href":"https:\/\/www.brennerbasisdemokratie.eu\/index.php?rest_route=\/wp\/v2\/posts\/37433","targetHints":{"allow":["GET"]}}],"collection":[{"href":"https:\/\/www.brennerbasisdemokratie.eu\/index.php?rest_route=\/wp\/v2\/posts"}],"about":[{"href":"https:\/\/www.brennerbasisdemokratie.eu\/index.php?rest_route=\/wp\/v2\/types\/post"}],"author":[{"embeddable":true,"href":"https:\/\/www.brennerbasisdemokratie.eu\/index.php?rest_route=\/wp\/v2\/users\/1"}],"replies":[{"embeddable":true,"href":"https:\/\/www.brennerbasisdemokratie.eu\/index.php?rest_route=%2Fwp%2Fv2%2Fcomments&post=37433"}],"version-history":[{"count":3,"href":"https:\/\/www.brennerbasisdemokratie.eu\/index.php?rest_route=\/wp\/v2\/posts\/37433\/revisions"}],"predecessor-version":[{"id":64970,"href":"https:\/\/www.brennerbasisdemokratie.eu\/index.php?rest_route=\/wp\/v2\/posts\/37433\/revisions\/64970"}],"wp:attachment":[{"href":"https:\/\/www.brennerbasisdemokratie.eu\/index.php?rest_route=%2Fwp%2Fv2%2Fmedia&parent=37433"}],"wp:term":[{"taxonomy":"category","embeddable":true,"href":"https:\/\/www.brennerbasisdemokratie.eu\/index.php?rest_route=%2Fwp%2Fv2%2Fcategories&post=37433"},{"taxonomy":"post_tag","embeddable":true,"href":"https:\/\/www.brennerbasisdemokratie.eu\/index.php?rest_route=%2Fwp%2Fv2%2Ftags&post=37433"}],"curies":[{"name":"wp","href":"https:\/\/api.w.org\/{rel}","templated":true}]}}