{"id":37456,"date":"2017-11-10T13:14:11","date_gmt":"2017-11-10T12:14:11","guid":{"rendered":"http:\/\/www.brennerbasisdemokratie.eu\/?p=37456"},"modified":"2025-12-12T10:13:42","modified_gmt":"2025-12-12T09:13:42","slug":"offnungszeiten-im-hohlen-haus","status":"publish","type":"post","link":"https:\/\/www.brennerbasisdemokratie.eu\/?p=37456","title":{"rendered":"\u00d6ffnungszeiten \u2014 im \u203ahohlen\u2039 Haus."},"content":{"rendered":"<p>In j\u00fcngerer Zeit durften wir uns wieder einmal anh\u00f6ren, wie gro\u00dfartig die S\u00fcdtiroler Autonomie denn sei. Georg Mair hatte gar die Chuzpe, <a title=\"Es lebe der Stillstand.\" href=\"http:\/\/www.brennerbasisdemokratie.eu\/?p=37311\">in einem <em>ff<\/em>-Leitartikel<\/a> von politischem Asyl f\u00fcr den katalanischen Pr\u00e4sidenten in S\u00fcdtirol zu phantasieren, damit dieser von uns lerne, dass man nicht unabh\u00e4ngig sein m\u00fcsse, um selbstbestimmt zu sein.<\/p>\n<p>Inzwischen hat der S\u00fcdtiroler Landtag wieder einmal vorexzerziert, wie \u00bbhohl\u00ab (an Zust\u00e4ndigkeiten) das \u00bbhohe\u00ab Haus denn ist. Einstimmig hat man diese Woche einen Beschlussantrag genehmigt, in dem man sich f\u00fcr die Sonntagsruhe ausspricht. Doch \u00e4ndern wird sich damit: gar nix. Denn wann L\u00e4den, Gasth\u00e4user, B\u00fcros in S\u00fcdtirol \u00f6ffnen, entscheidet nicht das \u00bbselbstbestimmte\u00ab Land, sondern der Staat in Rom.<\/p>\n<p>Zum Vergleich: Jedes \u00bbgew\u00f6hnliche\u00ab deutsche Land hat ein eigenes Ladenschlussgesetz.<\/p>\n<p><strong><span style=\"font-family: Helvetica, Arial, sans-serif; text-transform: uppercase;\">C\u00ebla enghe:<\/span><\/strong> <a title=\"Laden\u00f6ffnungszwang.\" href=\"http:\/\/www.brennerbasisdemokratie.eu\/?p=12780\"><code>01<\/code><\/a> <a title=\"Der Regional Authority Index.\" href=\"http:\/\/www.brennerbasisdemokratie.eu\/?p=37233\"><code>02<\/code><\/a> <a title=\"Autonomievergleich (II).\" href=\"http:\/\/www.brennerbasisdemokratie.eu\/?p=29703\"><code>03<\/code><\/a> <a title=\"Neue Zust\u00e4ndigkeit!\" href=\"http:\/\/www.brennerbasisdemokratie.eu\/?p=16141\"><code>04<\/code><\/a> <span style=\"font-family: Helvetica, Arial, sans-serif; font-weight: normal;\">||<\/span> <a title=\"\u00d6ffnungszeiten: Vielleicht.\" href=\"https:\/\/www.brennerbasisdemokratie.eu\/?p=59454\"><span style=\"color: #ff8c00\"><code>01<\/code><\/span><\/a> <a href=\"https:\/\/www.brennerbasisdemokratie.eu\/?p=91435\" title=\"La disciplina degli orari \u00e8 saltata.\"><span style=\"color: #ff8c00\"><code>02<\/code><\/span><\/a><\/p>","protected":false},"excerpt":{"rendered":"<p>In j\u00fcngerer Zeit durften wir uns wieder einmal anh\u00f6ren, wie gro\u00dfartig die S\u00fcdtiroler Autonomie denn sei. Georg Mair hatte gar die Chuzpe, in einem ff-Leitartikel von politischem Asyl f\u00fcr den katalanischen Pr\u00e4sidenten in S\u00fcdtirol zu phantasieren, damit dieser von uns lerne, dass man nicht unabh\u00e4ngig sein m\u00fcsse, um selbstbestimmt zu sein. Inzwischen hat der S\u00fcdtiroler [&hellip;]<\/p>","protected":false},"author":1,"featured_media":0,"comment_status":"open","ping_status":"open","sticky":false,"template":"","format":"standard","meta":{"_crdt_document":"","ngg_post_thumbnail":0,"_jetpack_memberships_contains_paid_content":false,"footnotes":""},"categories":[1],"tags":[],"class_list":["post-37456","post","type-post","status-publish","format-standard","hentry","category-allgemein","entity-sudtiroler-landtag","issue-autonomievergleich","location-catalunya","location-deutschland","location-sudtirolo","language-deutsch","medium-ff","person-carles-puigdemont","person-georg-mair","topic-politik","topic-recht","topic-selbstbestimmung","topic-vorzeigeautonomie","topic-wirtschaft","topic-zentralismus","topic-zustaendigkeiten"],"jetpack_featured_media_url":"","jetpack_sharing_enabled":true,"_links":{"self":[{"href":"https:\/\/www.brennerbasisdemokratie.eu\/index.php?rest_route=\/wp\/v2\/posts\/37456","targetHints":{"allow":["GET"]}}],"collection":[{"href":"https:\/\/www.brennerbasisdemokratie.eu\/index.php?rest_route=\/wp\/v2\/posts"}],"about":[{"href":"https:\/\/www.brennerbasisdemokratie.eu\/index.php?rest_route=\/wp\/v2\/types\/post"}],"author":[{"embeddable":true,"href":"https:\/\/www.brennerbasisdemokratie.eu\/index.php?rest_route=\/wp\/v2\/users\/1"}],"replies":[{"embeddable":true,"href":"https:\/\/www.brennerbasisdemokratie.eu\/index.php?rest_route=%2Fwp%2Fv2%2Fcomments&post=37456"}],"version-history":[{"count":6,"href":"https:\/\/www.brennerbasisdemokratie.eu\/index.php?rest_route=\/wp\/v2\/posts\/37456\/revisions"}],"predecessor-version":[{"id":96781,"href":"https:\/\/www.brennerbasisdemokratie.eu\/index.php?rest_route=\/wp\/v2\/posts\/37456\/revisions\/96781"}],"wp:attachment":[{"href":"https:\/\/www.brennerbasisdemokratie.eu\/index.php?rest_route=%2Fwp%2Fv2%2Fmedia&parent=37456"}],"wp:term":[{"taxonomy":"category","embeddable":true,"href":"https:\/\/www.brennerbasisdemokratie.eu\/index.php?rest_route=%2Fwp%2Fv2%2Fcategories&post=37456"},{"taxonomy":"post_tag","embeddable":true,"href":"https:\/\/www.brennerbasisdemokratie.eu\/index.php?rest_route=%2Fwp%2Fv2%2Ftags&post=37456"}],"curies":[{"name":"wp","href":"https:\/\/api.w.org\/{rel}","templated":true}]}}