{"id":3752,"date":"2009-11-23T13:32:47","date_gmt":"2009-11-23T12:32:47","guid":{"rendered":"http:\/\/www.brennerbasisdemokratie.eu\/?p=3752"},"modified":"2022-01-19T10:59:03","modified_gmt":"2022-01-19T09:59:03","slug":"zuwanderung-kann-zur-ressource-werden","status":"publish","type":"post","link":"https:\/\/www.brennerbasisdemokratie.eu\/?p=3752","title":{"rendered":"Zuwanderung \u2014 eine Ressource."},"content":{"rendered":"<p>Die <em>S\u00fcd-Tiroler Freiheit<\/em> hat am Samstag ihre dritte ordentliche Vollversammlung ausgetragen, zu der neben anderen G\u00e4sten auch Johanna Plasinger-Scartezzini vom Landesamt f\u00fcr Statistik <em>(Astat)<\/em> eingeladen war. Sie hat f\u00fcr die Teilnehmerinnen ein Referat zum Thema Demografie gehalten, aus dem hervorgeht, dass die ausl\u00e4ndische Bev\u00f6lkerung in S\u00fcdtirol bis 2020 auf rund 14% steigen wird. F\u00fcr die Landeshauptstadt bedeutet dies, dass sie zu jenem Zeitpunkt mehr ausl\u00e4ndische als deutschsprachige Einwohnerinnen z\u00e4hlen k\u00f6nnte.<\/p>\n<p>Diese Prognose veranlasste Sven Knoll zur Aussage, dass die Ausl\u00e4nderinnen die Rolle der Italienerinnen \u00fcbernehmen k\u00f6nnten, woraus er schlie\u00dft, dass f\u00fcr die Selbstbestimmung nur noch 10-15 Jahre bleiben [weil wir dann nicht mehr die Mehrheit im eigenen Land w\u00e4ren].<\/p>\n<p>Die statistische Vorhersage kann man jedoch nur dann negativ beurteilen, wenn man davon ausgeht, dass wir mit der Integration der Zuwandernden dieselben Fehler begehen, wie dazumal mit den Italienerinnen \u2014 obwohl uns heute v\u00f6llig andere Mittel und Zust\u00e4ndigkeiten zur Verf\u00fcgung stehen, dies zu verhindern. Es zeugt von Pessimismus und Desinteresse gegen\u00fcber den \u00bbneuen S\u00fcdtirolerinnen\u00ab, wenn man glaubt, diese als Hindernis betrachten zu m\u00fcssen, statt als Chance und Ressource f\u00fcr ein unabh\u00e4ngiges S\u00fcdtirol.<\/p>\n<p>Es w\u00e4re sinnvoller, wenn die <em>S\u00fcd-Tiroler Freiheit<\/em> ein Konzept entwickelte, wie man die Zuwandererinnen durch eine offene Aufnahme- und Integrationspolitik zu mehrsprachigen <em>S\u00fcdtirolerinnen<\/em> macht, die den gesellschaftlichen Zusammenhalt zwischen den Sprachgruppen st\u00e4rken \u2014 anstatt \u00c4ngste zu sch\u00fcren, indem man sie a priori zu Feinden unserer k\u00fcnftigen freien Entwicklung stempelt.<\/p>\n<p>Die heutige, nicht existente Integrationspolitik der <abbr title=\"S\u00fcdtiroler Volkspartei\">SVP<\/abbr>, die Ausl\u00e4nderkinder h\u00f6chstens noch in italienische Schulen abschiebt, ist dagegen wirklich eine tickende Zeitbombe \u2014 weil sie Parallelgesellschaften und gesellschaftliche Marginalisierung erzeugt, und den Zuwandernden nicht das Bewusstsein vermittelt, sich in einem besonderen (weil mehrsprachigen und autonomen) Land zu befinden, in dem sie als Menschen willkommen sind.<\/p>","protected":false},"excerpt":{"rendered":"<p>Die S\u00fcd-Tiroler Freiheit hat am Samstag ihre dritte ordentliche Vollversammlung ausgetragen, zu der neben anderen G\u00e4sten auch Johanna Plasinger-Scartezzini vom Landesamt f\u00fcr Statistik (Astat) eingeladen war. Sie hat f\u00fcr die Teilnehmerinnen ein Referat zum Thema Demografie gehalten, aus dem hervorgeht, dass die ausl\u00e4ndische Bev\u00f6lkerung in S\u00fcdtirol bis 2020 auf rund 14% steigen wird. F\u00fcr die [&hellip;]<\/p>","protected":false},"author":1,"featured_media":0,"comment_status":"open","ping_status":"open","sticky":false,"template":"","format":"standard","meta":{"_crdt_document":"","ngg_post_thumbnail":0,"_jetpack_memberships_contains_paid_content":false,"footnotes":""},"categories":[1],"tags":[],"class_list":["post-3752","post","type-post","status-publish","format-standard","hentry","category-allgemein","entity-stf","entity-svp","location-sudtirolo","language-deutsch","person-sven-knoll","topic-kohasion","topic-migraziun","topic-politik","topic-selbstbestimmung","topic-statistik"],"jetpack_featured_media_url":"","jetpack_sharing_enabled":true,"_links":{"self":[{"href":"https:\/\/www.brennerbasisdemokratie.eu\/index.php?rest_route=\/wp\/v2\/posts\/3752","targetHints":{"allow":["GET"]}}],"collection":[{"href":"https:\/\/www.brennerbasisdemokratie.eu\/index.php?rest_route=\/wp\/v2\/posts"}],"about":[{"href":"https:\/\/www.brennerbasisdemokratie.eu\/index.php?rest_route=\/wp\/v2\/types\/post"}],"author":[{"embeddable":true,"href":"https:\/\/www.brennerbasisdemokratie.eu\/index.php?rest_route=\/wp\/v2\/users\/1"}],"replies":[{"embeddable":true,"href":"https:\/\/www.brennerbasisdemokratie.eu\/index.php?rest_route=%2Fwp%2Fv2%2Fcomments&post=3752"}],"version-history":[{"count":11,"href":"https:\/\/www.brennerbasisdemokratie.eu\/index.php?rest_route=\/wp\/v2\/posts\/3752\/revisions"}],"predecessor-version":[{"id":70457,"href":"https:\/\/www.brennerbasisdemokratie.eu\/index.php?rest_route=\/wp\/v2\/posts\/3752\/revisions\/70457"}],"wp:attachment":[{"href":"https:\/\/www.brennerbasisdemokratie.eu\/index.php?rest_route=%2Fwp%2Fv2%2Fmedia&parent=3752"}],"wp:term":[{"taxonomy":"category","embeddable":true,"href":"https:\/\/www.brennerbasisdemokratie.eu\/index.php?rest_route=%2Fwp%2Fv2%2Fcategories&post=3752"},{"taxonomy":"post_tag","embeddable":true,"href":"https:\/\/www.brennerbasisdemokratie.eu\/index.php?rest_route=%2Fwp%2Fv2%2Ftags&post=3752"}],"curies":[{"name":"wp","href":"https:\/\/api.w.org\/{rel}","templated":true}]}}