{"id":37971,"date":"2017-12-20T12:34:21","date_gmt":"2017-12-20T11:34:21","guid":{"rendered":"http:\/\/www.brennerbasisdemokratie.eu\/?p=37971"},"modified":"2025-10-15T17:48:43","modified_gmt":"2025-10-15T15:48:43","slug":"hannah-arendt-uber-mussolini","status":"publish","type":"post","link":"https:\/\/www.brennerbasisdemokratie.eu\/?p=37971","title":{"rendered":"Hannah Arendt \u00fcber Mussolini."},"content":{"rendered":"<p><strong>\u00bbWas lange w\u00e4hrt, wird endlich gut\u00ab<\/strong> \u2014 k\u00f6nnte man in diesem Fall wohl \u00fcber die Historisierung des <a title=\"Monumentalrelief Bozen.\" href=\"http:\/\/www.monumentalrelief-bozen.com\/\" target=\"_blank\" rel=\"noopener noreferrer\">monumentalen Mussolinireliefs<\/a> von Hans Piffrader am Bozner Gerichtsplatz sagen. Gestern hatte ich endlich die Gelegenheit, mir das Ergebnis vor Ort anzuschauen.<\/p>\n<p>Nat\u00fcrlich k\u00f6nnte man (speziell: k\u00f6nnte und werde <em>ich<\/em> wohl) auch einiges aussetzen und kritisieren, doch das sind angesichts der hier vollbrachten Leistung wirklich nur Details.<\/p>\n<p>Der dreisprachige Schriftzug, abends eine Leuchtschrift, ist auch tags\u00fcber \u2014 woran ich zun\u00e4chst gezweifelt hatte \u2014 einigerma\u00dfen gut sichtbar. Er ist ausreichend verst\u00e4ndlich und gleichzeitig ausreichend kryptisch, um sowohl die erw\u00fcnschte kontextualisierende Wirkung zu erzielen, als auch zum Nachdenken anzuregen. Und er hat das, was meiner Meinung nach <a title=\"Dokuzentrum: Ein guter Anfang.\" href=\"http:\/\/www.brennerbasisdemokratie.eu\/?p=19949\">dem (sichtbaren) Eingriff am Siegesdenkmal fehlt<\/a>, n\u00e4mlich die n\u00f6tige Ausdrucksst\u00e4rke, um vor der Wucht und der Monumentalit\u00e4t des faschistischen Artefakts zu bestehen.<\/p>\n<p>So sieht ein gelungener Umgang mit belastetem Kulturgut aus. Man kann sich jetzt schon kaum noch vorstellen, dass so viele Jahre lang gar nichts gemacht wurde.<\/p>\n<p><strong><span style=\"font-family: Helvetica, Arial, sans-serif; text-transform: uppercase;\">C\u00ebla enghe:<\/span><\/strong> <a title=\"Quotation (431): Die r\u00f6mische Regierung wars.\" href=\"http:\/\/www.brennerbasisdemokratie.eu\/?p=37760\"><code>01<\/code><\/a> <a title=\"Gegen die Historisierung des Mussolini-Reliefs.\" href=\"http:\/\/www.brennerbasisdemokratie.eu\/?p=32216\"><code>02<\/code><\/a> <a title=\"60+6 Jahre Piffrader-Reflief am Finanzgeb\u00e4ude.\" href=\"http:\/\/www.brennerbasisdemokratie.eu\/?p=26577\"><code>03<\/code><\/a> <a title=\"Presa in giro\u2026 di rilievo.\" href=\"http:\/\/www.brennerbasisdemokratie.eu\/?p=8201\"><code>04<\/code><\/a>&nbsp;<span style=\"font-family: Helvetica, Arial, sans-serif; font-weight: normal;\">||<\/span> <a title=\"Statuen st\u00fcrzen bedeutet nicht Vergessen.\" href=\"https:\/\/www.brennerbasisdemokratie.eu\/?p=58060\"><span style=\"color: #ff8c00\"><code>01<\/code><\/span><\/a> <a title=\"Postcolonial Italy \u2013 Mapping Colonial Heritage.\" href=\"https:\/\/www.brennerbasisdemokratie.eu\/?p=58321\"><span style=\"color: #ff8c00\"><code>02<\/code><\/span><\/a> <a title=\"Faschismus: 80 Jahre Verharmlosung.\" href=\"https:\/\/www.brennerbasisdemokratie.eu\/?p=93654\"><span style=\"color: #ff8c00\"><code>03<\/code><\/span><\/a> <span style=\"font-family: Helvetica, Arial, sans-serif; font-weight: normal;\">||<\/span> <a title=\"TdG: Niemand hat das Recht zu gehorchen.\" href=\"https:\/\/umap.openstreetmap.fr\/de\/map\/topographie-des-grauens-topografia-degli-orrori_564738?feature=Niemand%20hat%20das%20Recht%20zu%20gehorchen#19\/46.49771\/11.33944\" target=\"_blank\" rel=\"noopener\"><span class=\"loc-icon\"><\/span><\/a><\/p>","protected":false},"excerpt":{"rendered":"<p>\u00bbWas lange w\u00e4hrt, wird endlich gut\u00ab \u2014 k\u00f6nnte man in diesem Fall wohl \u00fcber die Historisierung des monumentalen Mussolinireliefs von Hans Piffrader am Bozner Gerichtsplatz sagen. Gestern hatte ich endlich die Gelegenheit, mir das Ergebnis vor Ort anzuschauen. Nat\u00fcrlich k\u00f6nnte man (speziell: k\u00f6nnte und werde ich wohl) auch einiges aussetzen und kritisieren, doch das sind [&hellip;]<\/p>","protected":false},"author":1,"featured_media":0,"comment_status":"open","ping_status":"open","sticky":false,"template":"","format":"standard","meta":{"_crdt_document":"","ngg_post_thumbnail":0,"_jetpack_memberships_contains_paid_content":false,"footnotes":""},"categories":[1],"tags":[],"class_list":["post-37971","post","type-post","status-publish","format-standard","hentry","category-allgemein","issue-faschistische-relikte","issue-geschichtsaufarbeitung","issue-good-news","location-sudtirolo","language-deutsch","person-benito-mussolini","person-hannah-arendt","topic-arch","topic-democrazia","topic-faschismen","topic-geschichte"],"jetpack_featured_media_url":"","jetpack_sharing_enabled":true,"_links":{"self":[{"href":"https:\/\/www.brennerbasisdemokratie.eu\/index.php?rest_route=\/wp\/v2\/posts\/37971","targetHints":{"allow":["GET"]}}],"collection":[{"href":"https:\/\/www.brennerbasisdemokratie.eu\/index.php?rest_route=\/wp\/v2\/posts"}],"about":[{"href":"https:\/\/www.brennerbasisdemokratie.eu\/index.php?rest_route=\/wp\/v2\/types\/post"}],"author":[{"embeddable":true,"href":"https:\/\/www.brennerbasisdemokratie.eu\/index.php?rest_route=\/wp\/v2\/users\/1"}],"replies":[{"embeddable":true,"href":"https:\/\/www.brennerbasisdemokratie.eu\/index.php?rest_route=%2Fwp%2Fv2%2Fcomments&post=37971"}],"version-history":[{"count":15,"href":"https:\/\/www.brennerbasisdemokratie.eu\/index.php?rest_route=\/wp\/v2\/posts\/37971\/revisions"}],"predecessor-version":[{"id":95373,"href":"https:\/\/www.brennerbasisdemokratie.eu\/index.php?rest_route=\/wp\/v2\/posts\/37971\/revisions\/95373"}],"wp:attachment":[{"href":"https:\/\/www.brennerbasisdemokratie.eu\/index.php?rest_route=%2Fwp%2Fv2%2Fmedia&parent=37971"}],"wp:term":[{"taxonomy":"category","embeddable":true,"href":"https:\/\/www.brennerbasisdemokratie.eu\/index.php?rest_route=%2Fwp%2Fv2%2Fcategories&post=37971"},{"taxonomy":"post_tag","embeddable":true,"href":"https:\/\/www.brennerbasisdemokratie.eu\/index.php?rest_route=%2Fwp%2Fv2%2Ftags&post=37971"}],"curies":[{"name":"wp","href":"https:\/\/api.w.org\/{rel}","templated":true}]}}