{"id":38045,"date":"2017-12-21T23:56:32","date_gmt":"2017-12-21T22:56:32","guid":{"rendered":"http:\/\/www.brennerbasisdemokratie.eu\/?p=38045"},"modified":"2024-05-13T17:20:20","modified_gmt":"2024-05-13T15:20:20","slug":"21d-das-wahlergebnis","status":"publish","type":"post","link":"https:\/\/www.brennerbasisdemokratie.eu\/?p=38045","title":{"rendered":"21D: Das Wahlergebnis."},"content":{"rendered":"<p>Katalonien hat heute ein neues Parlament gew\u00e4hlt.<\/p>\n<ul>\n<li>Die massive Einsch\u00fcchterung des Zentralstaats hat nicht gewirkt. Bei hoher Wahlbeteiligung (rund 82%) haben die W\u00e4hlenden den sezessionistischen Kr\u00e4ften <a title=\"Katalonien: Demokratische Garantien?\" href=\"http:\/\/www.brennerbasisdemokratie.eu\/?p=38037\">trotz widriger Verh\u00e4ltnisse<\/a> den R\u00fccken gest\u00e4rkt.<\/li>\n<li><em>Junts per Catalunya<\/em> (JxCat \u2013 21,7%), <abbr title=\"Esquerra Republicana de Catalunya\">ERC<\/abbr> (21,4%) und <abbr title=\"Candidatura d\u2019Unitat Popular\">CUP<\/abbr> (4,5%) kommen gemeinsam auf 70 von 135 Sitzen. Sie behalten somit die absolute Mehrheit im Parlament.<\/li>\n<li>Entgegen jeglicher Prognose landete Puigdemonts JxCat mit voraussichtlich 34 Sitzen vor ERC (32). Eine starke Aufholjagd hatten die Umfragen der letzten Wochen aber schon aufgezeigt.<\/li>\n<li>Die unionistische <em>Ciutadans<\/em> (Cs \u2013 25,4%) ist mit voraussichtlich 36 Sitzen (2015: 25 Sitze) erste Kraft, was vor allem dem Austritt von ERC aus <em>Junts pel S\u00ed&nbsp;<\/em>geschuldet ist. JxCat und ERC gemeinsam kommen auf 66 Sitze.<\/li>\n<li>Die \u00bb155er Parteien\u00ab Cs, <abbr title=\"Partit dels Socialistes de Catalunya\">PSC<\/abbr> (13,9%) und <abbr title=\"Partido Popular\">PP<\/abbr> (4,2%) erringen laut vorl\u00e4ufigem Endergebnis gemeinsam nur 57 Sitze.<\/li>\n<li>Der PP, der Katalonien seit Oktober unter Zwangsverwaltung von Madrid aus regiert hat, erlebt ein regelrechtes Debakel, hat fortan wohl nur noch vier Sitze (statt 11 wie bisher) und landet damit gleichauf mit der radikal linken, pro-sezessionistischen CUP (von 10 auf 4 Sitze).<\/li>\n<li>Die selbstbestimmungsfreundliche <em>Catalunya en Com\u00f9 &#8211; Podem<\/em>&nbsp;(7,5%) erringt acht Sitze (es waren 11). Parteien und Listen, die ein Referendum unterst\u00fctzen, kommen somit auf 78 Sitze.<\/li>\n<\/ul>\n<p>Was nun, Europa? Was nun, Mariano Rajoy?<\/p>\n<p><strong><span style=\"font-family: Helvetica, Arial, sans-serif; text-transform: uppercase;\">C\u00ebla enghe:<\/span><\/strong> <a title=\"Gezielte Erniedrigung.\" href=\"http:\/\/www.brennerbasisdemokratie.eu\/?p=37917\"><code>01<\/code><\/a>&nbsp;<span style=\"font-family: Helvetica, Arial, sans-serif; font-weight: normal;\">||<\/span> <a title=\"21D: Unionistische St\u00e4dte, separatistisches Land?\" href=\"https:\/\/www.brennerbasisdemokratie.eu\/?p=38064\"><span style=\"color: #ff8c00\"><code>01<\/code><\/span><\/a> <a title=\"Wie berichteten die Medien vor dem 21D?\" href=\"https:\/\/www.brennerbasisdemokratie.eu\/?p=38466\"><span style=\"color: #ff8c00\"><code>02<\/code><\/span><\/a> <a title=\"14F: Katalonien hat gew\u00e4hlt.\" href=\"https:\/\/www.brennerbasisdemokratie.eu\/?p=63522\"><span style=\"color: #ff8c00\"><code>03<\/code><\/span><\/a><\/p>","protected":false},"excerpt":{"rendered":"<p>Katalonien hat heute ein neues Parlament gew\u00e4hlt. Die massive Einsch\u00fcchterung des Zentralstaats hat nicht gewirkt. Bei hoher Wahlbeteiligung (rund 82%) haben die W\u00e4hlenden den sezessionistischen Kr\u00e4ften trotz widriger Verh\u00e4ltnisse den R\u00fccken gest\u00e4rkt. Junts per Catalunya (JxCat \u2013 21,7%), ERC (21,4%) und CUP (4,5%) kommen gemeinsam auf 70 von 135 Sitzen. Sie behalten somit die absolute [&hellip;]<\/p>","protected":false},"author":1,"featured_media":0,"comment_status":"open","ping_status":"open","sticky":false,"template":"","format":"standard","meta":{"_crdt_document":"","ngg_post_thumbnail":0,"_jetpack_memberships_contains_paid_content":false,"footnotes":""},"categories":[1],"tags":[],"class_list":["post-38045","post","type-post","status-publish","format-standard","hentry","category-allgemein","entity-cs","entity-cup","entity-erc","entity-junts","entity-pp","entity-psc","issue-good-news","issue-wahlen","location-catalunya","language-deutsch","person-carles-puigdemont","person-mariano-rajoy","topic-democrazia","topic-politik","topic-selbstbestimmung","topic-umfragen"],"jetpack_featured_media_url":"","jetpack_sharing_enabled":true,"_links":{"self":[{"href":"https:\/\/www.brennerbasisdemokratie.eu\/index.php?rest_route=\/wp\/v2\/posts\/38045","targetHints":{"allow":["GET"]}}],"collection":[{"href":"https:\/\/www.brennerbasisdemokratie.eu\/index.php?rest_route=\/wp\/v2\/posts"}],"about":[{"href":"https:\/\/www.brennerbasisdemokratie.eu\/index.php?rest_route=\/wp\/v2\/types\/post"}],"author":[{"embeddable":true,"href":"https:\/\/www.brennerbasisdemokratie.eu\/index.php?rest_route=\/wp\/v2\/users\/1"}],"replies":[{"embeddable":true,"href":"https:\/\/www.brennerbasisdemokratie.eu\/index.php?rest_route=%2Fwp%2Fv2%2Fcomments&post=38045"}],"version-history":[{"count":25,"href":"https:\/\/www.brennerbasisdemokratie.eu\/index.php?rest_route=\/wp\/v2\/posts\/38045\/revisions"}],"predecessor-version":[{"id":85699,"href":"https:\/\/www.brennerbasisdemokratie.eu\/index.php?rest_route=\/wp\/v2\/posts\/38045\/revisions\/85699"}],"wp:attachment":[{"href":"https:\/\/www.brennerbasisdemokratie.eu\/index.php?rest_route=%2Fwp%2Fv2%2Fmedia&parent=38045"}],"wp:term":[{"taxonomy":"category","embeddable":true,"href":"https:\/\/www.brennerbasisdemokratie.eu\/index.php?rest_route=%2Fwp%2Fv2%2Fcategories&post=38045"},{"taxonomy":"post_tag","embeddable":true,"href":"https:\/\/www.brennerbasisdemokratie.eu\/index.php?rest_route=%2Fwp%2Fv2%2Ftags&post=38045"}],"curies":[{"name":"wp","href":"https:\/\/api.w.org\/{rel}","templated":true}]}}