{"id":38089,"date":"2017-12-22T22:01:33","date_gmt":"2017-12-22T21:01:33","guid":{"rendered":"http:\/\/www.brennerbasisdemokratie.eu\/?p=38089"},"modified":"2019-04-30T18:34:41","modified_gmt":"2019-04-30T16:34:41","slug":"repression-ohne-ende","status":"publish","type":"post","link":"https:\/\/www.brennerbasisdemokratie.eu\/?p=38089","title":{"rendered":"Repression ohne Ende."},"content":{"rendered":"<p>Im Anschluss an die <a title=\"21D: Das Wahlergebnis.\" href=\"http:\/\/www.brennerbasisdemokratie.eu\/?p=38045\">Wahl<\/a> vom Sonntag hatte der katalanische Pr\u00e4sident Puigdemont dem spanischen Ministerpr\u00e4sidenten Rajoy erneut ein Gespr\u00e4chsangebot unterbreitet, das der einmal mehr ausschlug.<\/p>\n<p>Indes wurde ein Papier der Milit\u00e4rpolizei <em>Guardia Civil<\/em> bekannt, in dem die massiven <a title=\"Diada 2013.\" href=\"http:\/\/www.brennerbasisdemokratie.eu\/?p=16678\">Sezessionskundgebungen<\/a> der letzten Jahre, an denen sich \u2014 jeweils zum katalanischen Feiertag \u2014 Millionen Menschen beteiligt hatten, als \u00bbRebellion\u00ab eingestuft werden. Es handelt sich dabei um einen Straftatbestand, auf den in Spanien bis zu 30 Jahre Freiheitsentzug stehen.<\/p>\n<p>Und schlie\u00dflich gab Richter Lamela vom <em>Tribunal Supremo<\/em> heute bekannt, dass er das <a title=\"Katalanische Regierung in Haft.\" href=\"http:\/\/www.brennerbasisdemokratie.eu\/?p=37333\">gegen Mitglieder der katalanischen Regierung<\/a> und <a title=\"Politische Gefangene in Katalonien?\" href=\"http:\/\/www.brennerbasisdemokratie.eu\/?p=37039\">die Jordis<\/a> laufende Gerichtsverfahren auf Artur Mas, ERC-Generalsekret\u00e4rin Marta Rovira, die scheidende CUP-Abgeordnete Anna Gabriel, PDeCAT-Koordinatorin Marta Pascal, die bisherige Fraktionssprecherin Mireia Boya (CUP) sowie die <a title=\"9N: Il nuovo ruolo dei comuni.\" href=\"http:\/\/www.brennerbasisdemokratie.eu\/?p=21132\">AMI<\/a>-Pr\u00e4sidentin Neus Munt\u00e9 ausdehnt. Ihnen droht ebenfalls eine Anklage wegen Rebellion.<\/p>\n<p>An den Urnen unterlegen, f\u00e4hrt der Zentralstaat unbeirrt mit der Repression fort.<\/p>\n<p><strong><span style=\"font-family: Helvetica, Arial, sans-serif; text-transform: uppercase;\">C\u00ebla enghe:<\/span><\/strong> <a title=\"Die \u00bbRebellion\u00ab nimmt Gestalt an.\" href=\"http:\/\/www.brennerbasisdemokratie.eu\/?p=37263\"><code>01<\/code><\/a> <a title=\"Strafrechtlerinnen kritisieren spanische Justiz.\" href=\"http:\/\/www.brennerbasisdemokratie.eu\/?p=37467\"><code>02<\/code><\/a> <a title=\"Gezielte Erniedrigung.\" href=\"http:\/\/www.brennerbasisdemokratie.eu\/?p=37917\"><code>03<\/code><\/a><\/p>","protected":false},"excerpt":{"rendered":"<p>Im Anschluss an die Wahl vom Sonntag hatte der katalanische Pr\u00e4sident Puigdemont dem spanischen Ministerpr\u00e4sidenten Rajoy erneut ein Gespr\u00e4chsangebot unterbreitet, das der einmal mehr ausschlug. Indes wurde ein Papier der Milit\u00e4rpolizei Guardia Civil bekannt, in dem die massiven Sezessionskundgebungen der letzten Jahre, an denen sich \u2014 jeweils zum katalanischen Feiertag \u2014 Millionen Menschen beteiligt hatten, [&hellip;]<\/p>","protected":false},"author":1,"featured_media":0,"comment_status":"open","ping_status":"open","sticky":false,"template":"","format":"standard","meta":{"_crdt_document":"","ngg_post_thumbnail":0,"_jetpack_memberships_contains_paid_content":false,"footnotes":""},"categories":[1],"tags":[],"class_list":["post-38089","post","type-post","status-publish","format-standard","hentry","category-allgemein","location-catalunya","language-deutsch","topic-democrazia","topic-politik","topic-polizei","topic-recht","topic-repression","topic-ungehorsam","topic-zentralismus"],"jetpack_featured_media_url":"","jetpack_sharing_enabled":true,"_links":{"self":[{"href":"https:\/\/www.brennerbasisdemokratie.eu\/index.php?rest_route=\/wp\/v2\/posts\/38089","targetHints":{"allow":["GET"]}}],"collection":[{"href":"https:\/\/www.brennerbasisdemokratie.eu\/index.php?rest_route=\/wp\/v2\/posts"}],"about":[{"href":"https:\/\/www.brennerbasisdemokratie.eu\/index.php?rest_route=\/wp\/v2\/types\/post"}],"author":[{"embeddable":true,"href":"https:\/\/www.brennerbasisdemokratie.eu\/index.php?rest_route=\/wp\/v2\/users\/1"}],"replies":[{"embeddable":true,"href":"https:\/\/www.brennerbasisdemokratie.eu\/index.php?rest_route=%2Fwp%2Fv2%2Fcomments&post=38089"}],"version-history":[{"count":6,"href":"https:\/\/www.brennerbasisdemokratie.eu\/index.php?rest_route=\/wp\/v2\/posts\/38089\/revisions"}],"predecessor-version":[{"id":38115,"href":"https:\/\/www.brennerbasisdemokratie.eu\/index.php?rest_route=\/wp\/v2\/posts\/38089\/revisions\/38115"}],"wp:attachment":[{"href":"https:\/\/www.brennerbasisdemokratie.eu\/index.php?rest_route=%2Fwp%2Fv2%2Fmedia&parent=38089"}],"wp:term":[{"taxonomy":"category","embeddable":true,"href":"https:\/\/www.brennerbasisdemokratie.eu\/index.php?rest_route=%2Fwp%2Fv2%2Fcategories&post=38089"},{"taxonomy":"post_tag","embeddable":true,"href":"https:\/\/www.brennerbasisdemokratie.eu\/index.php?rest_route=%2Fwp%2Fv2%2Ftags&post=38089"}],"curies":[{"name":"wp","href":"https:\/\/api.w.org\/{rel}","templated":true}]}}