{"id":3830,"date":"2009-11-28T10:23:27","date_gmt":"2009-11-28T09:23:27","guid":{"rendered":"http:\/\/www.brennerbasisdemokratie.eu\/?p=3830"},"modified":"2021-10-24T06:44:10","modified_gmt":"2021-10-24T04:44:10","slug":"unkritische-denkmalpflege","status":"publish","type":"post","link":"https:\/\/www.brennerbasisdemokratie.eu\/?p=3830","title":{"rendered":"Unkritische Denkmalpflege."},"content":{"rendered":"<p>Das faschistische Siegesdenkmal in Bozen wird mit staatlichen Mitteln aufw\u00e4ndig saniert und wieder in seinen \u00bbglanzvollen\u00ab Urzustand versetzt. Dagegen hat die Landesregierung endlich offiziell beim Innen- und dem Kulturminister in Rom protestiert. In einem Schreiben hat die f\u00fcr Kultur und Denkmalpflege zust\u00e4ndige Landesr\u00e4tin Sabina Kasslatter-Mur (<abbr title=\"S\u00fcdtiroler Volkspartei\">SVP<\/abbr>) gefordert, die eingeplanten Gelder zu nutzen, um den umstrittenen Bau von Marcello Piacentini in ein Mahnmal zu verwandeln. Diesen Wunsch hatte Landesdenkmalpfleger Leo Andergassen bereits im M\u00e4rz an die betroffenen staatlichen \u00c4mter gerichtet.<\/p>\n<p>Obwohl die entsprechende Zust\u00e4ndigkeit l\u00e4ngst beim Land S\u00fcdtirol liegt, hat sich der Staat die alleinige Kontrolle \u00fcber das Siegesdenkmal bewahrt und beim staatlichen Denkmalamt in Verona angesiedelt. Dies beweist den Stellenwert, den der faschistische Bau in Italien nach wie vor genie\u00dft.<br \/>\nAls die Gemeinde Bozen im Jahr 2004 Informationstafeln anbringen wollte, um den historischen Hintergrund des Monuments zu erkl\u00e4ren, wurde das vom Kulturministerium abgelehnt. Sie mussten in 50 Metern Entfernung auf Gemeindegrund aufgestellt werden. Das Siegesdenkmal wird also nach wie vor als Siegesdenkmal und nicht als Mahnmal betrachtet und auch als solches saniert.<\/p>\n<p>Die Gelder f\u00fcr die jetzige Restaurierung stammen gro\u00dfteils aus einem zweckgebundenen Fonds, der mit Einnahmen aus dem Lottospiel finanziert wird. <img class=\"bbdlogo\" src=\"https:\/\/www.brennerbasisdemokratie.eu\/wp-content\/uploads\/bbdsmileys\/bbde.png\"> ruft alle S\u00fcdtirolerinnen auf, fortan auf staatliche Gl\u00fccksspiele zu verzichten, um nicht indirekt den skandal\u00f6sen Einsatz dieser Mittel zu unterst\u00fctzen.<\/p>\n<p style=\"text-align: center;\"><hr class=\"dotted-hr\" style=\"height: 4px; width: 100%; border: none; margin-top: 0em; margin-bottom: 0em; background-color: black;\"\/><\/p>\n<p>In Denkmaln\u00e4he befinden sich auf zwei S\u00e4ulen eine r\u00f6mische W\u00f6lfin und ein Markusl\u00f6we als Symbole der <em>Italianit\u00e0 <\/em>und Zugeh\u00f6rigkeit zum <em>Imperium Romanum<\/em>. Sie wurden noch vor wenigen Jahren von der Gemeinde (!) restauriert.<\/p>\n<p><strong><span style=\"font-family: Helvetica, Arial, sans-serif; text-transform: uppercase;\">C\u00ebla enghe:<\/span><\/strong> <a title=\"Ancora soldi per il monumento.\" href=\"https:\/\/www.brennerbasisdemokratie.eu\/?p=39205\"><span style=\"color: #ff8c00\"><code>01<\/code><\/span><\/a> <a title=\"Die Vermehrung von W\u00f6lfin und L\u00f6we.\" href=\"https:\/\/www.brennerbasisdemokratie.eu\/?p=49907\"><span style=\"color: #ff8c00\"><code>02<\/code><\/span><\/a><\/p>","protected":false},"excerpt":{"rendered":"<p>Das faschistische Siegesdenkmal in Bozen wird mit staatlichen Mitteln aufw\u00e4ndig saniert und wieder in seinen \u00bbglanzvollen\u00ab Urzustand versetzt. Dagegen hat die Landesregierung endlich offiziell beim Innen- und dem Kulturminister in Rom protestiert. In einem Schreiben hat die f\u00fcr Kultur und Denkmalpflege zust\u00e4ndige Landesr\u00e4tin Sabina Kasslatter-Mur (SVP) gefordert, die eingeplanten Gelder zu nutzen, um den umstrittenen [&hellip;]<\/p>","protected":false},"author":1,"featured_media":0,"comment_status":"open","ping_status":"open","sticky":false,"template":"","format":"standard","meta":{"_crdt_document":"","ngg_post_thumbnail":0,"_jetpack_memberships_contains_paid_content":false,"footnotes":""},"categories":[1],"tags":[],"class_list":["post-3830","post","type-post","status-publish","format-standard","hentry","category-allgemein","entity-land-sudtirol","entity-landesregierung","entity-svp","issue-faschistische-relikte","issue-geschichtsaufarbeitung","location-sudtirolo","language-deutsch","topic-arch","topic-faschismen","topic-politik"],"jetpack_featured_media_url":"","jetpack_sharing_enabled":true,"_links":{"self":[{"href":"https:\/\/www.brennerbasisdemokratie.eu\/index.php?rest_route=\/wp\/v2\/posts\/3830","targetHints":{"allow":["GET"]}}],"collection":[{"href":"https:\/\/www.brennerbasisdemokratie.eu\/index.php?rest_route=\/wp\/v2\/posts"}],"about":[{"href":"https:\/\/www.brennerbasisdemokratie.eu\/index.php?rest_route=\/wp\/v2\/types\/post"}],"author":[{"embeddable":true,"href":"https:\/\/www.brennerbasisdemokratie.eu\/index.php?rest_route=\/wp\/v2\/users\/1"}],"replies":[{"embeddable":true,"href":"https:\/\/www.brennerbasisdemokratie.eu\/index.php?rest_route=%2Fwp%2Fv2%2Fcomments&post=3830"}],"version-history":[{"count":18,"href":"https:\/\/www.brennerbasisdemokratie.eu\/index.php?rest_route=\/wp\/v2\/posts\/3830\/revisions"}],"predecessor-version":[{"id":68590,"href":"https:\/\/www.brennerbasisdemokratie.eu\/index.php?rest_route=\/wp\/v2\/posts\/3830\/revisions\/68590"}],"wp:attachment":[{"href":"https:\/\/www.brennerbasisdemokratie.eu\/index.php?rest_route=%2Fwp%2Fv2%2Fmedia&parent=3830"}],"wp:term":[{"taxonomy":"category","embeddable":true,"href":"https:\/\/www.brennerbasisdemokratie.eu\/index.php?rest_route=%2Fwp%2Fv2%2Fcategories&post=3830"},{"taxonomy":"post_tag","embeddable":true,"href":"https:\/\/www.brennerbasisdemokratie.eu\/index.php?rest_route=%2Fwp%2Fv2%2Ftags&post=3830"}],"curies":[{"name":"wp","href":"https:\/\/api.w.org\/{rel}","templated":true}]}}