{"id":38455,"date":"2018-01-10T09:23:48","date_gmt":"2018-01-10T08:23:48","guid":{"rendered":"http:\/\/www.brennerbasisdemokratie.eu\/?p=38455"},"modified":"2023-07-23T18:35:52","modified_gmt":"2023-07-23T16:35:52","slug":"auf-verlorenem-posten","status":"publish","type":"post","link":"https:\/\/www.brennerbasisdemokratie.eu\/?p=38455","title":{"rendered":"Auf verlorenem Posten."},"content":{"rendered":"<p>In einem heute auf <em>Salto<\/em> erschienenen <a title=\"Salto: R\u00f6mische Heuschrecke.\" href=\"https:\/\/www.salto.bz\/de\/article\/09012018\/roemische-heuschrecke\" target=\"_blank\" rel=\"noopener noreferrer\">Beitrag<\/a> zeichnet Christoph Franceschini nach, wie der PD <em>(Poltronificio Democratico)<\/em> um Christian Tommasini und Carlo Costa den Eintritt eines f\u00e4higen, zweisprachigen Kandidaten italienischer Muttersprache in den neuen Verwaltungsrat der Uni Bozen verhindert habe \u2014 um an seiner Statt im Auftrag der Zentralpartei, gegen den Widerstand der Uni selbst, einen einsprachigen neapolitanischen Kandidaten mit zweifelhaftem Profil zu platzieren. Das sind dann dieselben Leute, die bei jeder Gelegenheit von \u00bbPlurilinguismo\u00ab schwafeln und sich zudem beschweren, dass Italienerinnen in S\u00fcdtirol bei der Zuweisung \u00f6ffentlicher Stellen benachteiligt seien. Dabei kann man sich da plastisch vorstellen, wozu ihnen die h\u00e4ufig geforderte Aufweichung des Proporzes vor allem dienen w\u00fcrde.<\/p>\n<p>Es ist genau dieses Verst\u00e4ndnis von\u00a0<em>res publica,<\/em> das auch die wissenschaftliche Wettbewerbsf\u00e4higkeit Italiens unterminiert.<\/p>\n<p><strong><span style=\"font-family: Helvetica, Arial, sans-serif; text-transform: uppercase;\">C\u00ebla enghe:<\/span><\/strong> <a href=\"https:\/\/www.brennerbasisdemokratie.eu\/?p=79553\" title=\"Der PD erneut gegen Proporz und Zweisprachigkeit.\"><span style=\"color: #ff8c00\"><code>01<\/code><\/span><\/a><\/p>","protected":false},"excerpt":{"rendered":"<p>In einem heute auf Salto erschienenen Beitrag zeichnet Christoph Franceschini nach, wie der PD (Poltronificio Democratico) um Christian Tommasini und Carlo Costa den Eintritt eines f\u00e4higen, zweisprachigen Kandidaten italienischer Muttersprache in den neuen Verwaltungsrat der Uni Bozen verhindert habe \u2014 um an seiner Statt im Auftrag der Zentralpartei, gegen den Widerstand der Uni selbst, einen [&hellip;]<\/p>","protected":false},"author":1,"featured_media":0,"comment_status":"open","ping_status":"open","sticky":false,"template":"","format":"standard","meta":{"_crdt_document":"","ngg_post_thumbnail":0,"_jetpack_memberships_contains_paid_content":false,"footnotes":""},"categories":[1],"tags":[],"class_list":["post-38455","post","type-post","status-publish","format-standard","hentry","category-allgemein","entity-fub","entity-pd","location-sudtirolo","language-deutsch","medium-salto","person-christian-tommasini","person-christoph-franceschini","topic-bildung","topic-medien","topic-plurilinguism","topic-transparenz","topic-vorzeigeautonomie","topic-wissenschaft","topic-zentralismus"],"jetpack_featured_media_url":"","jetpack_sharing_enabled":true,"_links":{"self":[{"href":"https:\/\/www.brennerbasisdemokratie.eu\/index.php?rest_route=\/wp\/v2\/posts\/38455","targetHints":{"allow":["GET"]}}],"collection":[{"href":"https:\/\/www.brennerbasisdemokratie.eu\/index.php?rest_route=\/wp\/v2\/posts"}],"about":[{"href":"https:\/\/www.brennerbasisdemokratie.eu\/index.php?rest_route=\/wp\/v2\/types\/post"}],"author":[{"embeddable":true,"href":"https:\/\/www.brennerbasisdemokratie.eu\/index.php?rest_route=\/wp\/v2\/users\/1"}],"replies":[{"embeddable":true,"href":"https:\/\/www.brennerbasisdemokratie.eu\/index.php?rest_route=%2Fwp%2Fv2%2Fcomments&post=38455"}],"version-history":[{"count":7,"href":"https:\/\/www.brennerbasisdemokratie.eu\/index.php?rest_route=\/wp\/v2\/posts\/38455\/revisions"}],"predecessor-version":[{"id":79564,"href":"https:\/\/www.brennerbasisdemokratie.eu\/index.php?rest_route=\/wp\/v2\/posts\/38455\/revisions\/79564"}],"wp:attachment":[{"href":"https:\/\/www.brennerbasisdemokratie.eu\/index.php?rest_route=%2Fwp%2Fv2%2Fmedia&parent=38455"}],"wp:term":[{"taxonomy":"category","embeddable":true,"href":"https:\/\/www.brennerbasisdemokratie.eu\/index.php?rest_route=%2Fwp%2Fv2%2Fcategories&post=38455"},{"taxonomy":"post_tag","embeddable":true,"href":"https:\/\/www.brennerbasisdemokratie.eu\/index.php?rest_route=%2Fwp%2Fv2%2Ftags&post=38455"}],"curies":[{"name":"wp","href":"https:\/\/api.w.org\/{rel}","templated":true}]}}