{"id":38707,"date":"2018-01-26T00:00:07","date_gmt":"2018-01-25T23:00:07","guid":{"rendered":"http:\/\/www.brennerbasisdemokratie.eu\/?p=38707"},"modified":"2023-09-10T08:42:01","modified_gmt":"2023-09-10T06:42:01","slug":"ff-mit-leseschwache-und-verstandnisproblemen","status":"publish","type":"post","link":"https:\/\/www.brennerbasisdemokratie.eu\/?p=38707","title":{"rendered":"<em>ff<\/em> mit Leseschw\u00e4che und Verst\u00e4ndnisproblemen."},"content":{"rendered":"<p>In seinem manchmal freiwillig und manchmal unfreiwillig humorig gestalteten &#8220;Brief an unsere Leser&#8221; kritisiert das Wochenmagazin <em>ff<\/em> &#8211; wie auch bereits <a title=\"Zimmerhofers Sport-Gesinnungspolizei.\" href=\"http:\/\/www.brennerbasisdemokratie.eu\/?p=38612\"><img class=\"bbdlogo\" src=\"https:\/\/www.brennerbasisdemokratie.eu\/wp-content\/uploads\/bbdsmileys\/bbde.png\"><\/a> zuvor &#8211; einen <a title=\"\" href=\"http:\/\/www.suedtiroler-freiheit.com\/landesschaedigendes-verhalten-im-spitzensport-darf-nicht-laenger-hingenommen-werden\/\">Vorsto\u00df<\/a> des <abbr title=\"S\u00fcd-Tiroler Freiheit\">STF<\/abbr>-Landtagsabgeordneten Bernhard Zimmerhofer. Das Problem ist nur, dass die <em>ff<\/em> es in dieser Glosse fertig bringt, in einem an kritikw\u00fcrdigen Passagen nicht gerade armen Pressetext &#8211; Zimmerhofer m\u00f6chte n\u00e4mlich identit\u00e4r-ideologische Vereinnahmung mit identit\u00e4r-ideologischer Vereinnahmung bek\u00e4mpfen &#8211; ausgerechnet Aspekte zu kritisieren, die nicht kritisierenswert bzw. sogar inexistent sind.<\/p>\n<blockquote><p>Nun ja, Sie spielen damit auf die Aussagen unserer Biathletin Dorothea Wierer an, ohne dass Sie sich trauen, ihren Namen auszusprechen. Ganz sch\u00f6n feige. Was aber noch impertinenter ist, dass Sie sich herausnehmen, im Namen aller S\u00fcdtiroler zu sprechen. Diese Freiheit geh\u00f6rt eingeschr\u00e4nkt.<\/p><\/blockquote>\n<p>Zum einen findet sich in Zimmerhofers Text keine Aussage, in der er explizit im Namen aller S\u00fcdtiroler spricht (er verwendet h\u00f6chstens &#8211; wie die <em>ff<\/em> auch &#8211; ein kollektives &#8220;unser&#8221;) und zum anderen ist es die ureigenste Aufgabe eines Politikers, eines Landtagsabgeordneten zumal, gesellschaftliche Vorg\u00e4nge zu beobachten und daraus politische Forderungen abzuleiten, in der Hoffnung, dass sie eine demokratische Mehrheit finden. Und genau das tut Zimmerhofer. Inhalt und Qualit\u00e4t der Forderung tun dabei nichts zur Sache. Mit einer wie auch immer gearteten, unterstellten impertinenten Vereinnahmung aller S\u00fcdtiroler hat das nichts zu tun.<\/p>\n<p>Des weiteren wird kritisiert, dass Zimmerhofer Wierer nicht nennt &#8211;\u00a0<a title=\"\" href=\"https:\/\/it.eurosport.com\/biathlon\/pyeongchang\/2018\/wierer-a-sochi-non-ero-ancora-pronta-vorrei-che-pyeongchang-fosse-la-mia-olimpiade_sto6484172\/story.shtml\">deren Aussagen<\/a>\u00a0ganz nebenbei Chauvinismus in Reinkultur und sehr wohl Vereinnahmung der S\u00fcdtiroler entgegen <a title=\"\" href=\"http:\/\/astat.provinz.bz.it\/de\/aktuelles-publikationen-info.asp?news_action=4&amp;news_article_id=516194\">statistisch belegbarer Fakten<\/a> sind.<\/p>\n<blockquote><p>La mia passione \u00e8 tutta italiana, sin dal cuore tricolore che ho messo sul fucile. Non vorrei essere mai rigida come una tedesca. Molti pensano che noi altoatesini non ci sentiamo italiani. Macch\u00e9.<\/p><\/blockquote>\n<p>Auch diesbez\u00fcglich ist Zimmerhofer nichts vorzuwerfen. Es ist nicht Aufgabe eines Politikers, Einzelpersonen an den Pranger zu stellen, sondern von reiner Anlassgesetzgebung losgel\u00f6ste, allgemein g\u00fcltige Regeln zu erdenken. Eine Stigmatisierung Einzelner w\u00e4re in diesem Prozess zutiefst unangebracht und kontraproduktiv.<\/p>","protected":false},"excerpt":{"rendered":"<p>In seinem manchmal freiwillig und manchmal unfreiwillig humorig gestalteten &#8220;Brief an unsere Leser&#8221; kritisiert das Wochenmagazin ff &#8211; wie auch bereits zuvor &#8211; einen Vorsto\u00df des STF-Landtagsabgeordneten Bernhard Zimmerhofer. Das Problem ist nur, dass die ff es in dieser Glosse fertig bringt, in einem an kritikw\u00fcrdigen Passagen nicht gerade armen Pressetext &#8211; Zimmerhofer m\u00f6chte n\u00e4mlich [&hellip;]<\/p>","protected":false},"author":8,"featured_media":0,"comment_status":"open","ping_status":"open","sticky":false,"template":"","format":"standard","meta":{"_crdt_document":"","ngg_post_thumbnail":0,"_jetpack_memberships_contains_paid_content":false,"footnotes":""},"categories":[1],"tags":[],"class_list":["post-38707","post","type-post","status-publish","format-standard","hentry","category-allgemein","entity-stf","issue-banalnationalism","issue-zitac","location-sudtirolo","language-deutsch","medium-ff","topic-aussendarstellung","topic-medien","topic-nationalismus","topic-politik","topic-sport","topic-symbolik","topic-zustaendigkeiten"],"jetpack_featured_media_url":"","jetpack_sharing_enabled":true,"_links":{"self":[{"href":"https:\/\/www.brennerbasisdemokratie.eu\/index.php?rest_route=\/wp\/v2\/posts\/38707","targetHints":{"allow":["GET"]}}],"collection":[{"href":"https:\/\/www.brennerbasisdemokratie.eu\/index.php?rest_route=\/wp\/v2\/posts"}],"about":[{"href":"https:\/\/www.brennerbasisdemokratie.eu\/index.php?rest_route=\/wp\/v2\/types\/post"}],"author":[{"embeddable":true,"href":"https:\/\/www.brennerbasisdemokratie.eu\/index.php?rest_route=\/wp\/v2\/users\/8"}],"replies":[{"embeddable":true,"href":"https:\/\/www.brennerbasisdemokratie.eu\/index.php?rest_route=%2Fwp%2Fv2%2Fcomments&post=38707"}],"version-history":[{"count":19,"href":"https:\/\/www.brennerbasisdemokratie.eu\/index.php?rest_route=\/wp\/v2\/posts\/38707\/revisions"}],"predecessor-version":[{"id":80627,"href":"https:\/\/www.brennerbasisdemokratie.eu\/index.php?rest_route=\/wp\/v2\/posts\/38707\/revisions\/80627"}],"wp:attachment":[{"href":"https:\/\/www.brennerbasisdemokratie.eu\/index.php?rest_route=%2Fwp%2Fv2%2Fmedia&parent=38707"}],"wp:term":[{"taxonomy":"category","embeddable":true,"href":"https:\/\/www.brennerbasisdemokratie.eu\/index.php?rest_route=%2Fwp%2Fv2%2Fcategories&post=38707"},{"taxonomy":"post_tag","embeddable":true,"href":"https:\/\/www.brennerbasisdemokratie.eu\/index.php?rest_route=%2Fwp%2Fv2%2Ftags&post=38707"}],"curies":[{"name":"wp","href":"https:\/\/api.w.org\/{rel}","templated":true}]}}