{"id":38803,"date":"2018-01-29T16:17:08","date_gmt":"2018-01-29T15:17:08","guid":{"rendered":"http:\/\/www.brennerbasisdemokratie.eu\/?p=38803"},"modified":"2024-04-25T15:38:20","modified_gmt":"2024-04-25T13:38:20","slug":"transnationale-eu-wahllisten","status":"publish","type":"post","link":"https:\/\/www.brennerbasisdemokratie.eu\/?p=38803","title":{"rendered":"Transnationale EU-Wahllisten."},"content":{"rendered":"<p>Bei der letzten Wahl zum EU-Parlament (2014) gab es erstmals sichtbare Spitzenkandidaten: <abbr title=\"Europ\u00e4ische Volkspartei\">EVP<\/abbr> und <abbr title=\"Progressive Alliance of Socialists & Democrats\">S&D<\/abbr> hatten sich jeweils dazu verpflichtet, Jean-Claude Juncker respektive Martin Schulz zum Kommissionspr\u00e4sidenten zu w\u00e4hlen, wenn sie mehr Sitze erringen k\u00f6nnen. Doch wirklich w\u00e4hlen konnte man die beiden Spitzenkandidaten nur in ihren jeweiligen Herkunftsl\u00e4ndern Luxemburg und Deutschland.<\/p>\n<p>Mindestens seit einem entsprechenden Vorschlag des britischen Liberaldemokraten Andrew Duff von 2012 sind aber transnationale Wahllisten als logische Weiterentwicklung der EU-Wahlen angedacht \u2014 und nun hat der Verfassungsausschuss des Europaparlament eine weitere H\u00fcrde genommen: Im Zuge der durch den <em>Brexit<\/em> und das Ausscheiden der 73 britischen Abgeordneten erforderlichen Anpassungen wurde ins Auge gefasst, ab der kommenden Wahl (2019) einige Kandidatinnen \u2014 27 von 751 \u2014 auf grenz\u00fcberschreitenden Listen w\u00e4hlen zu lassen. Das ist nat\u00fcrlich eine (viel zu) kleine Anzahl, doch es w\u00e4re erstens ein Dammbruch und k\u00f6nnte zweitens erm\u00f6glichen, Spitzenkandidatinnen f\u00fcr den Kommissionsvorsitz europaweit antreten zu lassen.<\/p>\n<p>Bis es dazu kommt, m\u00fcsste aber zuerst das Europaparlament daf\u00fcrstimmen. Und dann muss der Vorschlag auch noch den 28 Staats- und Regierungschefs vorgelegt werden.<\/p>\n<p><strong><span style=\"font-family: Helvetica, Arial, sans-serif; text-transform: uppercase;\">C\u00ebla enghe:<\/span><\/strong> <a title=\"F\u00fcr ein Europa ohne Nationalstaaten.\" href=\"http:\/\/www.brennerbasisdemokratie.eu\/?p=13009\"><code>01<\/code><\/a> <a title=\"Democracy in Europe Movement.\" href=\"http:\/\/www.brennerbasisdemokratie.eu\/?p=27068\"><code>02<\/code><\/a> <a title=\"Die Post-Brexit-EU: weniger, aber effizienter und demokratischer.\" href=\"http:\/\/www.brennerbasisdemokratie.eu\/?p=34395\"><code>03<\/code><\/a> <span style=\"font-family: Helvetica, Arial, sans-serif; font-weight: normal;\">||<\/span> <a href=\"https:\/\/www.brennerbasisdemokratie.eu\/?p=84727\" title=\"Dorfmanns Freunde.\"><span style=\"color: #ff8c00\"><code>01<\/code><\/span><\/a> <a href=\"https:\/\/www.brennerbasisdemokratie.eu\/?p=85176\" title=\"EU-Wahlkreis f\u00fcr kleines Europa in Europa.\"><span style=\"color: #ff8c00\"><code>02<\/code><\/span><\/a><\/p>","protected":false},"excerpt":{"rendered":"<p>Bei der letzten Wahl zum EU-Parlament (2014) gab es erstmals sichtbare Spitzenkandidaten: EVP und S&#038;D hatten sich jeweils dazu verpflichtet, Jean-Claude Juncker respektive Martin Schulz zum Kommissionspr\u00e4sidenten zu w\u00e4hlen, wenn sie mehr Sitze erringen k\u00f6nnen. Doch wirklich w\u00e4hlen konnte man die beiden Spitzenkandidaten nur in ihren jeweiligen Herkunftsl\u00e4ndern Luxemburg und Deutschland. Mindestens seit einem entsprechenden [&hellip;]<\/p>","protected":false},"author":1,"featured_media":0,"comment_status":"open","ping_status":"open","sticky":false,"template":"","format":"standard","meta":{"_crdt_document":"","ngg_post_thumbnail":0,"_jetpack_memberships_contains_paid_content":false,"footnotes":""},"categories":[1],"tags":[],"class_list":["post-38803","post","type-post","status-publish","format-standard","hentry","category-allgemein","entity-eu-parlament","entity-evp","entity-sd","issue-brexit","issue-europawahl-2014","issue-europawahl-2019","issue-good-news","location-deutschland","location-europa","location-letzebuerg","language-deutsch","person-jean-claude-juncker","person-martin-schulz","topic-democrazia","topic-politik","topic-recht"],"jetpack_featured_media_url":"","jetpack_sharing_enabled":true,"_links":{"self":[{"href":"https:\/\/www.brennerbasisdemokratie.eu\/index.php?rest_route=\/wp\/v2\/posts\/38803","targetHints":{"allow":["GET"]}}],"collection":[{"href":"https:\/\/www.brennerbasisdemokratie.eu\/index.php?rest_route=\/wp\/v2\/posts"}],"about":[{"href":"https:\/\/www.brennerbasisdemokratie.eu\/index.php?rest_route=\/wp\/v2\/types\/post"}],"author":[{"embeddable":true,"href":"https:\/\/www.brennerbasisdemokratie.eu\/index.php?rest_route=\/wp\/v2\/users\/1"}],"replies":[{"embeddable":true,"href":"https:\/\/www.brennerbasisdemokratie.eu\/index.php?rest_route=%2Fwp%2Fv2%2Fcomments&post=38803"}],"version-history":[{"count":4,"href":"https:\/\/www.brennerbasisdemokratie.eu\/index.php?rest_route=\/wp\/v2\/posts\/38803\/revisions"}],"predecessor-version":[{"id":85188,"href":"https:\/\/www.brennerbasisdemokratie.eu\/index.php?rest_route=\/wp\/v2\/posts\/38803\/revisions\/85188"}],"wp:attachment":[{"href":"https:\/\/www.brennerbasisdemokratie.eu\/index.php?rest_route=%2Fwp%2Fv2%2Fmedia&parent=38803"}],"wp:term":[{"taxonomy":"category","embeddable":true,"href":"https:\/\/www.brennerbasisdemokratie.eu\/index.php?rest_route=%2Fwp%2Fv2%2Fcategories&post=38803"},{"taxonomy":"post_tag","embeddable":true,"href":"https:\/\/www.brennerbasisdemokratie.eu\/index.php?rest_route=%2Fwp%2Fv2%2Ftags&post=38803"}],"curies":[{"name":"wp","href":"https:\/\/api.w.org\/{rel}","templated":true}]}}