{"id":38833,"date":"2018-01-30T10:23:50","date_gmt":"2018-01-30T09:23:50","guid":{"rendered":"http:\/\/www.brennerbasisdemokratie.eu\/?p=38833"},"modified":"2023-06-23T22:39:10","modified_gmt":"2023-06-23T20:39:10","slug":"trump-dastis-und-die-fake-news","status":"publish","type":"post","link":"https:\/\/www.brennerbasisdemokratie.eu\/?p=38833","title":{"rendered":"Trump, Dastis und die Fake News."},"content":{"rendered":"<p>Letzten Donnerstag (25. J\u00e4nner) ist im <em>Guardian<\/em> online <a title=\"The Guardian: How Trump's \u2018fake news\u2019\u2026\" href=\"https:\/\/www.theguardian.com\/us-news\/2018\/jan\/25\/how-trumps-fake-news-gave-authoritarian-leaders-a-new-weapon\" target=\"_blank\" rel=\"noopener noreferrer\">ein Beitrag<\/a> des Korrespondenten Adam Gabbatt erschienen, in dem dieser argumentiert, dass der inflation\u00e4re Gebrauch des <em>Fake-News<\/em>-Begriffs durch US-Pr\u00e4sident Donald Trump \u00bbautorit\u00e4ren Anf\u00fchrern\u00ab weltweit eine neue Waffe an die Hand gegeben habe.<\/p>\n<p>Dadurch, dass Trump Meldungen, die ihm nicht passen, pauschal als <em>Fake News<\/em> bezeichne, ohne zu \u00fcberpr\u00fcfen, ob es sich tats\u00e4chlich um Falschmeldungen handelt \u2014 argumentiert Gabbatt \u2014, hat eine Bedeutungsverschiebung stattgefunden, die es anderen L\u00e4ndern erm\u00f6glicht habe, Gr\u00e4uel \u2018wegzul\u00fcgen\u2019.<\/p>\n<p>Als Beispiele f\u00fcr Anf\u00fchrerinnen und Institutionen, die von dieser Strategie profitiert h\u00e4tten, nennt Gabbatt beispielhaft den venezolanischen Pr\u00e4sidenten Nicol\u00e1s Maduro, den syrischen Diktator Assad, die Regierung von Myanmar (Burma), chinesische Staatsmedien, das russische Au\u00dfenministerium und \u2014 quasi in einem Atemzug \u2014 den spanischen Au\u00dfenminister Alfonso Dastis.<\/p>\n<p><iframe loading=\"lazy\" src=\"https:\/\/www.youtube.com\/embed\/uniLrxwDAOQ?rel=0\" width=\"800\" height=\"450\" frameborder=\"0\" allowfullscreen=\"allowfullscreen\"><\/iframe><\/p>\n<p>Dieser hatte die <a title=\"Human Rights Watch r\u00fcgt Spanien.\" href=\"http:\/\/www.brennerbasisdemokratie.eu\/?p=36994\">exzessive Polizeigewalt<\/a> vom <a title=\"Katalonien, Europa, 2017.\" href=\"http:\/\/www.brennerbasisdemokratie.eu\/?p=36646\">1. Oktober 2017<\/a> gegen friedliche W\u00e4hlerinnen in Katalonien drastisch heruntergespielt und gro\u00dfteils als <em>Fake News<\/em> bezeichnet. Daf\u00fcr wurde er zwar kritisiert, aber weder offiziell ger\u00fcgt noch zum R\u00fccktritt gezwungen.<\/p>\n<p><strong><span style=\"font-family: Helvetica, Arial, sans-serif; text-transform: uppercase;\">C\u00ebla enghe:<\/span> <\/strong><a title=\"Scaring the population.\" href=\"http:\/\/www.brennerbasisdemokratie.eu\/?p=36847\"><code>01<\/code><\/a> <a title=\"Diese EU ist eine Schande.\" href=\"http:\/\/www.brennerbasisdemokratie.eu\/?p=36808\"><code>02<\/code><\/a> <a title=\"K\u00f6nig kappt die letzten Br\u00fccken.\" href=\"http:\/\/www.brennerbasisdemokratie.eu\/?p=36876\"><code>03<\/code><\/a> <a title=\"This is the Real Spain.\" href=\"http:\/\/www.brennerbasisdemokratie.eu\/?p=45955\"><code>04<\/code><\/a><\/p>","protected":false},"excerpt":{"rendered":"<p>Letzten Donnerstag (25. J\u00e4nner) ist im Guardian online ein Beitrag des Korrespondenten Adam Gabbatt erschienen, in dem dieser argumentiert, dass der inflation\u00e4re Gebrauch des Fake-News-Begriffs durch US-Pr\u00e4sident Donald Trump \u00bbautorit\u00e4ren Anf\u00fchrern\u00ab weltweit eine neue Waffe an die Hand gegeben habe. Dadurch, dass Trump Meldungen, die ihm nicht passen, pauschal als Fake News bezeichne, ohne zu [&hellip;]<\/p>","protected":false},"author":1,"featured_media":0,"comment_status":"open","ping_status":"open","sticky":false,"template":"","format":"standard","meta":{"_crdt_document":"","ngg_post_thumbnail":0,"_jetpack_memberships_contains_paid_content":false,"footnotes":""},"categories":[1],"tags":[],"class_list":["post-38833","post","type-post","status-publish","format-standard","hentry","category-allgemein","issue-1o2017","location-catalunya","language-deutsch","language-english","medium-bbc","medium-the-guardian","topic-democrazia","topic-medien","topic-politik","topic-polizei","topic-repression","topic-selbstbestimmung"],"jetpack_featured_media_url":"","jetpack_sharing_enabled":true,"_links":{"self":[{"href":"https:\/\/www.brennerbasisdemokratie.eu\/index.php?rest_route=\/wp\/v2\/posts\/38833","targetHints":{"allow":["GET"]}}],"collection":[{"href":"https:\/\/www.brennerbasisdemokratie.eu\/index.php?rest_route=\/wp\/v2\/posts"}],"about":[{"href":"https:\/\/www.brennerbasisdemokratie.eu\/index.php?rest_route=\/wp\/v2\/types\/post"}],"author":[{"embeddable":true,"href":"https:\/\/www.brennerbasisdemokratie.eu\/index.php?rest_route=\/wp\/v2\/users\/1"}],"replies":[{"embeddable":true,"href":"https:\/\/www.brennerbasisdemokratie.eu\/index.php?rest_route=%2Fwp%2Fv2%2Fcomments&post=38833"}],"version-history":[{"count":12,"href":"https:\/\/www.brennerbasisdemokratie.eu\/index.php?rest_route=\/wp\/v2\/posts\/38833\/revisions"}],"predecessor-version":[{"id":79005,"href":"https:\/\/www.brennerbasisdemokratie.eu\/index.php?rest_route=\/wp\/v2\/posts\/38833\/revisions\/79005"}],"wp:attachment":[{"href":"https:\/\/www.brennerbasisdemokratie.eu\/index.php?rest_route=%2Fwp%2Fv2%2Fmedia&parent=38833"}],"wp:term":[{"taxonomy":"category","embeddable":true,"href":"https:\/\/www.brennerbasisdemokratie.eu\/index.php?rest_route=%2Fwp%2Fv2%2Fcategories&post=38833"},{"taxonomy":"post_tag","embeddable":true,"href":"https:\/\/www.brennerbasisdemokratie.eu\/index.php?rest_route=%2Fwp%2Fv2%2Ftags&post=38833"}],"curies":[{"name":"wp","href":"https:\/\/api.w.org\/{rel}","templated":true}]}}