{"id":38860,"date":"2018-01-31T22:46:02","date_gmt":"2018-01-31T21:46:02","guid":{"rendered":"http:\/\/www.brennerbasisdemokratie.eu\/?p=38860"},"modified":"2019-02-01T11:46:09","modified_gmt":"2019-02-01T10:46:09","slug":"sudtiroler-bildzeitung","status":"publish","type":"post","link":"https:\/\/www.brennerbasisdemokratie.eu\/?p=38860","title":{"rendered":"S\u00fcdtiroler Bildzeitung?"},"content":{"rendered":"<p>Der <a title=\"Neisser \u00fcber Doppelstaatsb\u00fcrgerschaften und Integration. (ABGESAGT)\" href=\"http:\/\/www.brennerbasisdemokratie.eu\/?p=38494\">Vortrag von Prof. Heinrich Neisser<\/a> im Rahmen der Generalversammlung der S\u00fcdtiroler Gesellschaft f\u00fcr Politikwissenschaft | politika \u00fcber &#8220;d<span lang=\"DE\">ie Bedeutung der Staatsb\u00fcrgerschaft im Rahmen der europ\u00e4ischen Integrationspolitik&#8221;\u00a0<\/span>muss aufgrund von Krankheit des Vortragenden abgesagt und auf unbestimmte Zeit verschoben werden.<\/p>\n<p>Stattdessen wird im Anschluss an die Sitzung am 2. Februar 2018 im Josefsaal des Bozner Kolpinghauses Sabina Drescher ab 19.30 Uhr \u00fcber <strong>&#8220;Boulevardisierungstendenzen der Tageszeitungen Dolomiten und Neue S\u00fcdtiroler Tageszeitung&#8221;<\/strong> sprechen.<\/p>\n<p>N\u00e4here Informationen auf <a title=\"\" href=\"http:\/\/www.politika.bz.it\">www.politika.bz.it<\/a><\/p>","protected":false},"excerpt":{"rendered":"<p>Der Vortrag von Prof. Heinrich Neisser im Rahmen der Generalversammlung der S\u00fcdtiroler Gesellschaft f\u00fcr Politikwissenschaft | politika \u00fcber &#8220;die Bedeutung der Staatsb\u00fcrgerschaft im Rahmen der europ\u00e4ischen Integrationspolitik&#8221;\u00a0muss aufgrund von Krankheit des Vortragenden abgesagt und auf unbestimmte Zeit verschoben werden. Stattdessen wird im Anschluss an die Sitzung am 2. Februar 2018 im Josefsaal des Bozner Kolpinghauses [&hellip;]<\/p>","protected":false},"author":8,"featured_media":0,"comment_status":"open","ping_status":"open","sticky":false,"template":"","format":"standard","meta":{"_crdt_document":"","ngg_post_thumbnail":0,"_jetpack_memberships_contains_paid_content":false,"footnotes":""},"categories":[1],"tags":[],"class_list":["post-38860","post","type-post","status-publish","format-standard","hentry","category-allgemein","entity-politika","issue-medienkritik","location-sudtirolo","language-deutsch","medium-bildzeitung","medium-dolo","medium-taz","topic-medien","topic-termin","topic-wissenschaft"],"jetpack_featured_media_url":"","jetpack_sharing_enabled":true,"_links":{"self":[{"href":"https:\/\/www.brennerbasisdemokratie.eu\/index.php?rest_route=\/wp\/v2\/posts\/38860","targetHints":{"allow":["GET"]}}],"collection":[{"href":"https:\/\/www.brennerbasisdemokratie.eu\/index.php?rest_route=\/wp\/v2\/posts"}],"about":[{"href":"https:\/\/www.brennerbasisdemokratie.eu\/index.php?rest_route=\/wp\/v2\/types\/post"}],"author":[{"embeddable":true,"href":"https:\/\/www.brennerbasisdemokratie.eu\/index.php?rest_route=\/wp\/v2\/users\/8"}],"replies":[{"embeddable":true,"href":"https:\/\/www.brennerbasisdemokratie.eu\/index.php?rest_route=%2Fwp%2Fv2%2Fcomments&post=38860"}],"version-history":[{"count":5,"href":"https:\/\/www.brennerbasisdemokratie.eu\/index.php?rest_route=\/wp\/v2\/posts\/38860\/revisions"}],"predecessor-version":[{"id":38865,"href":"https:\/\/www.brennerbasisdemokratie.eu\/index.php?rest_route=\/wp\/v2\/posts\/38860\/revisions\/38865"}],"wp:attachment":[{"href":"https:\/\/www.brennerbasisdemokratie.eu\/index.php?rest_route=%2Fwp%2Fv2%2Fmedia&parent=38860"}],"wp:term":[{"taxonomy":"category","embeddable":true,"href":"https:\/\/www.brennerbasisdemokratie.eu\/index.php?rest_route=%2Fwp%2Fv2%2Fcategories&post=38860"},{"taxonomy":"post_tag","embeddable":true,"href":"https:\/\/www.brennerbasisdemokratie.eu\/index.php?rest_route=%2Fwp%2Fv2%2Ftags&post=38860"}],"curies":[{"name":"wp","href":"https:\/\/api.w.org\/{rel}","templated":true}]}}