{"id":3889,"date":"2009-12-03T22:14:18","date_gmt":"2009-12-03T21:14:18","guid":{"rendered":"http:\/\/www.brennerbasisdemokratie.eu\/?p=3889"},"modified":"2023-01-03T21:24:44","modified_gmt":"2023-01-03T20:24:44","slug":"neues-klima-nach-arenys","status":"publish","type":"post","link":"https:\/\/www.brennerbasisdemokratie.eu\/?p=3889","title":{"rendered":"Neues Klima nach Arenys."},"content":{"rendered":"<blockquote><p><img loading=\"lazy\" decoding=\"async\" class=\"aligncenter size-full wp-image-3899\" title=\"Enquesta.\" src=\"http:\/\/www.brennerbasisdemokratie.eu\/wp-content\/uploads\/2009\/12\/enquesta.jpg\" alt=\"Enquesta.\" width=\"450\" height=\"137\" srcset=\"https:\/\/www.brennerbasisdemokratie.eu\/wp-content\/uploads\/2009\/12\/enquesta.jpg 515w, https:\/\/www.brennerbasisdemokratie.eu\/wp-content\/uploads\/2009\/12\/enquesta-150x46.jpg 150w, https:\/\/www.brennerbasisdemokratie.eu\/wp-content\/uploads\/2009\/12\/enquesta-300x92.jpg 300w\" sizes=\"auto, (max-width: 450px) 100vw, 450px\" \/><\/p><\/blockquote>\n<p>Rund 83% der Katalanen glauben, dass Katalonien frei \u00fcber seine Zukunft entscheiden d\u00fcrfen sollte \u2014 50,3% w\u00fcrden bei einem Referendum f\u00fcr die Unabh\u00e4ngigkeit stimmen und nur 17,8% dagegen. Das sind die wichtigsten Ergebnisse einer repr\u00e4sentativen Umfrage der <em>Universitat Oberta de Catalunya<\/em> (UOC), die f\u00fcr das DYM-Institut an 2.614 Personen durchgef\u00fchrt wurde. Der Erhebungszeitraum wurde unmittelbar nach dem 13. September angesetzt, als in der Gemeinde Arenys de Munt <a title=\"Auf nach Arenys de Munt!\" href=\"http:\/\/www.brennerbasisdemokratie.eu\/?p=3135\" target=\"_self\" rel=\"noopener\">eine selbstverwaltete Volksabstimmung zu diesem Thema abgehalten wurde<\/a>. Und die im Vergleich zu fr\u00fcheren Umfragen sehr positiven Ergebnisse beweisen unzweideutig, dass diese Abstimmung ein positiver Impuls f\u00fcr die Unabh\u00e4ngigkeitsbef\u00fcrworter war. Dies best\u00e4tigt auch die Thesen des <em>Cercle d&#8217;Estudis Sobiranistes<\/em>, wie ich sie <a title=\"Mythos Volksbefragung.\" href=\"http:\/\/www.brennerbasisdemokratie.eu\/?p=1541\" target=\"_self\" rel=\"noopener\">[hier]<\/a> beschrieben habe.<\/p>\n<p>Die Zahlen best\u00e4tigen, dass die Selbstbestimmung in den Mittelpunkt des katalanischen Interesses ger\u00fcckt ist und nicht vor Parteigrenzen Halt macht. Abgesehen von den Wahlabsichten ist es eine wichtige Nachricht, dass sich eine erdr\u00fcckende Bev\u00f6lkerungsmehrheit f\u00fcr die Abhaltung eines Referendums ausspricht.<\/p>\n<h6>Die Daten<\/h6>\n<p>Die Umfrage, die vom <em>Centre d&#8217;Estudis de Temes Contemporanis<\/em> der katalanischen Regierung technisch begleitet wurde, ergibt dass mehr als die H\u00e4lfte der Wahlberechtigten der Losl\u00f6sung von Spanien zustimmen w\u00fcrde, 17,8% dagegen stimmen und 24,6% nicht zur Wahl gehen w\u00fcrden. Die Region um Girona ist mit 64,5% die unabh\u00e4ngigkeitsfreundlichste, w\u00e4hrend Barcelona (46,3%) den geringsten Bef\u00fcrworteranteil hat.<\/p>\n<p>Doch es gibt nicht nur Positives zu berichten: Die Untersuchung reflektiert auch die Unsicherheit eines Teils der katalanischen Gesellschaft \u2014 denn 58,1% der Befragten glauben nicht, dass die Unabh\u00e4ngigkeit jemals erreicht wird, w\u00e4hrend nur 31,1% optimistisch sind.<\/p>\n<h6>Die Tendenz<\/h6>\n<p>H\u00e4ufig zeichnen Umfragen die Realit\u00e4t nicht unverf\u00e4lscht nach, doch wenn sie repr\u00e4sentativ sind, taugen sie zur Bezeichnung von Tendenzen. Die vorliegende Erhebung unterstreicht also eindeutig, dass die Emanzipierung Kataloniens nicht mehr ein utopischer Traum einer kleiner Bev\u00f6lkerungsgruppe ist, sondern mit Wucht in&#8217;s politische Leben Kataloniens eingedrungen ist. Die gesellschaftliche Unterst\u00fctzung hat im Vergleich zu fr\u00fcheren Jahren auf beeindruckende Weise zugenommen. Au\u00dferdem best\u00e4tigt die sehr detaillierte Studie, dass die Gr\u00fcnde f\u00fcr ein Ja l\u00e4ngst die sentimentale und kulturelle Sph\u00e4re transzendieren. Wirtschaftliche und vor allem demokratische Gr\u00fcnde spielen bei den Bef\u00fcrwortern eine mindestens gleich wichtige Rolle. Im Gegensatz dazu geben nun vor allem die Gegner der Unabh\u00e4ngigkeit sentimentale Gr\u00fcnde f\u00fcr ihre Entscheidung an. In dieser Hinsicht liegt das Ja nicht nur zahlenm\u00e4\u00dfig, sondern l\u00e4ngst auch argumentativ vor dem Nein \u2014 was nicht bedeutet, dass die Gef\u00fchle der einen und der anderen Seite nicht ebenfalls legitime Beweggr\u00fcnde sind.<\/p>\n<p>Auffallend ist zuletzt, dass fast 25% der Befragten angeben, dem Referendum fernbleiben zu wollen, obwohl es um ein Schl\u00fcsselthema geht. Es wird noch genauer unter die Lupe zu nehmen sein, ob sich dahinter ein grunds\u00e4tzliches Unwohlsein verbirgt.<\/p>\n<p><em>Brennerbasisdemokratie auf Grundlage eines Berichts von Tribuna.cat<\/em><\/p>","protected":false},"excerpt":{"rendered":"<p>Rund 83% der Katalanen glauben, dass Katalonien frei \u00fcber seine Zukunft entscheiden d\u00fcrfen sollte \u2014 50,3% w\u00fcrden bei einem Referendum f\u00fcr die Unabh\u00e4ngigkeit stimmen und nur 17,8% dagegen. Das sind die wichtigsten Ergebnisse einer repr\u00e4sentativen Umfrage der Universitat Oberta de Catalunya (UOC), die f\u00fcr das DYM-Institut an 2.614 Personen durchgef\u00fchrt wurde. Der Erhebungszeitraum wurde unmittelbar [&hellip;]<\/p>","protected":false},"author":1,"featured_media":0,"comment_status":"open","ping_status":"open","sticky":false,"template":"","format":"standard","meta":{"_crdt_document":"","ngg_post_thumbnail":0,"_jetpack_memberships_contains_paid_content":false,"footnotes":""},"categories":[1],"tags":[],"class_list":["post-3889","post","type-post","status-publish","format-standard","hentry","category-allgemein","location-catalunya","language-deutsch","topic-mitbestimmung","topic-selbstbestimmung","topic-statistik"],"jetpack_featured_media_url":"","jetpack_sharing_enabled":true,"_links":{"self":[{"href":"https:\/\/www.brennerbasisdemokratie.eu\/index.php?rest_route=\/wp\/v2\/posts\/3889","targetHints":{"allow":["GET"]}}],"collection":[{"href":"https:\/\/www.brennerbasisdemokratie.eu\/index.php?rest_route=\/wp\/v2\/posts"}],"about":[{"href":"https:\/\/www.brennerbasisdemokratie.eu\/index.php?rest_route=\/wp\/v2\/types\/post"}],"author":[{"embeddable":true,"href":"https:\/\/www.brennerbasisdemokratie.eu\/index.php?rest_route=\/wp\/v2\/users\/1"}],"replies":[{"embeddable":true,"href":"https:\/\/www.brennerbasisdemokratie.eu\/index.php?rest_route=%2Fwp%2Fv2%2Fcomments&post=3889"}],"version-history":[{"count":11,"href":"https:\/\/www.brennerbasisdemokratie.eu\/index.php?rest_route=\/wp\/v2\/posts\/3889\/revisions"}],"predecessor-version":[{"id":75700,"href":"https:\/\/www.brennerbasisdemokratie.eu\/index.php?rest_route=\/wp\/v2\/posts\/3889\/revisions\/75700"}],"wp:attachment":[{"href":"https:\/\/www.brennerbasisdemokratie.eu\/index.php?rest_route=%2Fwp%2Fv2%2Fmedia&parent=3889"}],"wp:term":[{"taxonomy":"category","embeddable":true,"href":"https:\/\/www.brennerbasisdemokratie.eu\/index.php?rest_route=%2Fwp%2Fv2%2Fcategories&post=3889"},{"taxonomy":"post_tag","embeddable":true,"href":"https:\/\/www.brennerbasisdemokratie.eu\/index.php?rest_route=%2Fwp%2Fv2%2Ftags&post=3889"}],"curies":[{"name":"wp","href":"https:\/\/api.w.org\/{rel}","templated":true}]}}