{"id":39191,"date":"2018-02-20T23:26:05","date_gmt":"2018-02-20T22:26:05","guid":{"rendered":"http:\/\/www.brennerbasisdemokratie.eu\/?p=39191"},"modified":"2020-08-07T18:18:47","modified_gmt":"2020-08-07T16:18:47","slug":"katalonien-schweiz-watscht-spanien-ab","status":"publish","type":"post","link":"https:\/\/www.brennerbasisdemokratie.eu\/?p=39191","title":{"rendered":"Katalonien: Schweiz watscht Spanien ab."},"content":{"rendered":"<p>Anna Gabriel, ehemalige Fraktionsvorsitzende der linken <abbr title=\"Candidatura d\u2019Unitat Popular\">CUP<\/abbr> im katalanischen Parlament, h\u00e4lt sich derzeit in Genf auf, wo sie zur Internationalisierung des fortdauernden Konflikts zwischen Spanien und Katalonien beitragen will. Einer Vorladung des Madrider <em>Tribunal Supremo<\/em>&nbsp;im Zusammenhang mit dem Unabh\u00e4ngigkeitsreferendum vom 1. Oktober 2017 wird sie nicht Folge leisten, da sie den Vorwurf der Rebellion als politisch motiviert ansieht.<\/p>\n<p>Prominente Unterst\u00fctzung f\u00fcr diese Auffassung kommt vom Eidgen\u00f6ssischen Justizdepartement in Bern, dessen Sprecher Folco Galli der Westschweizer Zeitung <a title=\"Le Temps: La Suisse n'expulsera\u2026\" href=\"https:\/\/www.letemps.ch\/suisse\/suisse-nexpulsera-lautonomiste-catalane-anna-gabriel?utm_source=amp\" target=\"_blank\" rel=\"noopener noreferrer\"><em>Le Temps<\/em><\/a> mitteilte, dass ein etwaiges &nbsp;Auslieferungs- oder Rechtshilfegesuch aus Spanien wohl chancenlos w\u00e4re. Da es sich \u00bballer Wahrscheinlichkeit nach\u00ab um ein \u00bbpolitisches Delikt\u00ab handle, w\u00fcrde die Schweiz die spanische Justiz \u2014 im Sinne des eidgen\u00f6ssischen Strafgesetzes und der Europ\u00e4ischen Menschenrechtskonvention \u2014 nicht unterst\u00fctzen.<\/p>\n<p><strong><span style=\"font-family: Helvetica, Arial, sans-serif; text-transform: uppercase;\">C\u00ebla enghe:<\/span><\/strong> <a title=\"Auslieferungsantrag gegen Puigdemont zur\u00fcckgezogen.\" href=\"http:\/\/www.brennerbasisdemokratie.eu\/?p=37697\"><code>01<\/code><\/a> <a title=\"Kein neuer Haftbefehl f\u00fcr Puigdemont.\" href=\"http:\/\/www.brennerbasisdemokratie.eu\/?p=38642\"><code>02<\/code><\/a> <a title=\"Intellektuelle und Politikerinnen wenden sich an die EU.\" href=\"http:\/\/www.brennerbasisdemokratie.eu\/?p=37322\"><code>03<\/code><\/a><\/p>","protected":false},"excerpt":{"rendered":"<p>Anna Gabriel, ehemalige Fraktionsvorsitzende der linken CUP im katalanischen Parlament, h\u00e4lt sich derzeit in Genf auf, wo sie zur Internationalisierung des fortdauernden Konflikts zwischen Spanien und Katalonien beitragen will. Einer Vorladung des Madrider Tribunal Supremo&nbsp;im Zusammenhang mit dem Unabh\u00e4ngigkeitsreferendum vom 1. Oktober 2017 wird sie nicht Folge leisten, da sie den Vorwurf der Rebellion als [&hellip;]<\/p>","protected":false},"author":1,"featured_media":0,"comment_status":"open","ping_status":"open","sticky":false,"template":"","format":"standard","meta":{"_crdt_document":"","ngg_post_thumbnail":0,"_jetpack_memberships_contains_paid_content":false,"footnotes":""},"categories":[1],"tags":[],"class_list":["post-39191","post","type-post","status-publish","format-standard","hentry","category-allgemein","entity-cup","issue-good-news","issue-1o2017","location-catalunya","location-spania","location-svizra","language-deutsch","topic-grundrechte","topic-medien","topic-politik","topic-recht","topic-selbstbestimmung"],"jetpack_featured_media_url":"","jetpack_sharing_enabled":true,"_links":{"self":[{"href":"https:\/\/www.brennerbasisdemokratie.eu\/index.php?rest_route=\/wp\/v2\/posts\/39191","targetHints":{"allow":["GET"]}}],"collection":[{"href":"https:\/\/www.brennerbasisdemokratie.eu\/index.php?rest_route=\/wp\/v2\/posts"}],"about":[{"href":"https:\/\/www.brennerbasisdemokratie.eu\/index.php?rest_route=\/wp\/v2\/types\/post"}],"author":[{"embeddable":true,"href":"https:\/\/www.brennerbasisdemokratie.eu\/index.php?rest_route=\/wp\/v2\/users\/1"}],"replies":[{"embeddable":true,"href":"https:\/\/www.brennerbasisdemokratie.eu\/index.php?rest_route=%2Fwp%2Fv2%2Fcomments&post=39191"}],"version-history":[{"count":6,"href":"https:\/\/www.brennerbasisdemokratie.eu\/index.php?rest_route=\/wp\/v2\/posts\/39191\/revisions"}],"predecessor-version":[{"id":53265,"href":"https:\/\/www.brennerbasisdemokratie.eu\/index.php?rest_route=\/wp\/v2\/posts\/39191\/revisions\/53265"}],"wp:attachment":[{"href":"https:\/\/www.brennerbasisdemokratie.eu\/index.php?rest_route=%2Fwp%2Fv2%2Fmedia&parent=39191"}],"wp:term":[{"taxonomy":"category","embeddable":true,"href":"https:\/\/www.brennerbasisdemokratie.eu\/index.php?rest_route=%2Fwp%2Fv2%2Fcategories&post=39191"},{"taxonomy":"post_tag","embeddable":true,"href":"https:\/\/www.brennerbasisdemokratie.eu\/index.php?rest_route=%2Fwp%2Fv2%2Ftags&post=39191"}],"curies":[{"name":"wp","href":"https:\/\/api.w.org\/{rel}","templated":true}]}}