{"id":39202,"date":"2018-02-21T18:16:30","date_gmt":"2018-02-21T17:16:30","guid":{"rendered":"http:\/\/www.brennerbasisdemokratie.eu\/?p=39202"},"modified":"2025-12-22T15:21:35","modified_gmt":"2025-12-22T14:21:35","slug":"die-sud-tiroler-freiheit-zitiert-ernst-moritz-arndt","status":"publish","type":"post","link":"https:\/\/www.brennerbasisdemokratie.eu\/?p=39202","title":{"rendered":"Die S\u00fcd-Tiroler Freiheit zitiert Ernst Moritz Arndt."},"content":{"rendered":"<p>Anl\u00e4sslich des heutigen <em>Unesco<\/em>-Welttags der Muttersprache hat die <abbr title=\"S\u00fcd-Tiroler Freiheit\">STF<\/abbr> ein Zitat von Ernst Moritz Arndt ver\u00f6ffentlicht.<\/p>\n<blockquote><p><img loading=\"lazy\" decoding=\"async\" class=\"wp-image-39203 size-full aligncenter\" src=\"http:\/\/www.brennerbasisdemokratie.eu\/wp-content\/uploads\/2018\/02\/Ernst_Moritz_Arndt-stf.jpg\" alt=\"\" width=\"620\" height=\"330\"\/><\/p><\/blockquote>\n<p><small><em>Quelle: S\u00fcd-Tiroler Freiheit<\/em><\/small><\/p>\n<p>Der \u00bbSchriftsteller und Freiheitsk\u00e4mpfer\u00ab war ein deutscher Nationalist, der die angebliche Reinheit des deutschen Volkes zelebrierte, in rassistischen Kategorien dachte und vom Antisemitismus beseelt war.<\/p>\n<p><strong><span style=\"font-family: Helvetica, Arial, sans-serif; text-transform: uppercase;\">C\u00ebla enghe:<\/span><\/strong> <a title=\"Unsch\u00f6ne Wendung.\" href=\"http:\/\/www.brennerbasisdemokratie.eu\/?p=28601\"><code>01<\/code><\/a> <a title=\"Ehrenvoller\u2026 Nazi.\" href=\"http:\/\/www.brennerbasisdemokratie.eu\/?p=24557\"><code>02<\/code><\/a> <a title=\"Schade ums Papier.\" href=\"http:\/\/www.brennerbasisdemokratie.eu\/?p=16971\"><code>03<\/code><\/a> <a title=\"Das enge \u00bbWir\u00ab der STF.\" href=\"http:\/\/www.brennerbasisdemokratie.eu\/?p=35476\"><code>04<\/code><\/a> <a title=\"Zerschlagenes Porzellan.\" href=\"http:\/\/www.brennerbasisdemokratie.eu\/?p=33672\"><code>05<\/code><\/a> <a title=\"Volkstumspolitik.\" href=\"http:\/\/www.brennerbasisdemokratie.eu\/?p=42374\"><code>06<\/code><\/a> <span style=\"font-family: Helvetica, Arial, sans-serif; font-weight: normal;\">||<\/span> <a title=\"Die Selbstzerst\u00f6rung der Selbstbestimmung.\" href=\"https:\/\/www.brennerbasisdemokratie.eu\/?p=59220\"><span style=\"color: #ff8c00\"><code>01<\/code><\/span><\/a><\/p>","protected":false},"excerpt":{"rendered":"<p>Anl\u00e4sslich des heutigen Unesco-Welttags der Muttersprache hat die STF ein Zitat von Ernst Moritz Arndt ver\u00f6ffentlicht. Quelle: S\u00fcd-Tiroler Freiheit Der \u00bbSchriftsteller und Freiheitsk\u00e4mpfer\u00ab war ein deutscher Nationalist, der die angebliche Reinheit des deutschen Volkes zelebrierte, in rassistischen Kategorien dachte und vom Antisemitismus beseelt war. C\u00ebla enghe: 01 02 03 04 05 06 || 01<\/p>","protected":false},"author":1,"featured_media":0,"comment_status":"open","ping_status":"open","sticky":false,"template":"","format":"standard","meta":{"_crdt_document":"","ngg_post_thumbnail":0,"_jetpack_memberships_contains_paid_content":false,"footnotes":""},"categories":[1],"tags":[],"class_list":["post-39202","post","type-post","status-publish","format-standard","hentry","category-allgemein","entity-stf","entity-unesco","issue-zitac","location-deutschland","location-sudtirolo","language-deutsch","topic-antisemitismus","topic-nationalismus","topic-racism"],"jetpack_featured_media_url":"","jetpack_sharing_enabled":true,"_links":{"self":[{"href":"https:\/\/www.brennerbasisdemokratie.eu\/index.php?rest_route=\/wp\/v2\/posts\/39202","targetHints":{"allow":["GET"]}}],"collection":[{"href":"https:\/\/www.brennerbasisdemokratie.eu\/index.php?rest_route=\/wp\/v2\/posts"}],"about":[{"href":"https:\/\/www.brennerbasisdemokratie.eu\/index.php?rest_route=\/wp\/v2\/types\/post"}],"author":[{"embeddable":true,"href":"https:\/\/www.brennerbasisdemokratie.eu\/index.php?rest_route=\/wp\/v2\/users\/1"}],"replies":[{"embeddable":true,"href":"https:\/\/www.brennerbasisdemokratie.eu\/index.php?rest_route=%2Fwp%2Fv2%2Fcomments&post=39202"}],"version-history":[{"count":11,"href":"https:\/\/www.brennerbasisdemokratie.eu\/index.php?rest_route=\/wp\/v2\/posts\/39202\/revisions"}],"predecessor-version":[{"id":97017,"href":"https:\/\/www.brennerbasisdemokratie.eu\/index.php?rest_route=\/wp\/v2\/posts\/39202\/revisions\/97017"}],"wp:attachment":[{"href":"https:\/\/www.brennerbasisdemokratie.eu\/index.php?rest_route=%2Fwp%2Fv2%2Fmedia&parent=39202"}],"wp:term":[{"taxonomy":"category","embeddable":true,"href":"https:\/\/www.brennerbasisdemokratie.eu\/index.php?rest_route=%2Fwp%2Fv2%2Fcategories&post=39202"},{"taxonomy":"post_tag","embeddable":true,"href":"https:\/\/www.brennerbasisdemokratie.eu\/index.php?rest_route=%2Fwp%2Fv2%2Ftags&post=39202"}],"curies":[{"name":"wp","href":"https:\/\/api.w.org\/{rel}","templated":true}]}}