{"id":39262,"date":"2018-02-26T00:23:21","date_gmt":"2018-02-25T23:23:21","guid":{"rendered":"http:\/\/www.brennerbasisdemokratie.eu\/?p=39262"},"modified":"2025-10-13T18:27:56","modified_gmt":"2025-10-13T16:27:56","slug":"fraccaros-zentralistischer-foderalismus","status":"publish","type":"post","link":"https:\/\/www.brennerbasisdemokratie.eu\/?p=39262","title":{"rendered":"Fraccaros zentralistischer \u203aF\u00f6deralismus\u2039."},"content":{"rendered":"<p>Im gemeinsamen <a title=\"Salto: SVP-M5s, scoppia l'intesa.\" href=\"https:\/\/www.salto.bz\/de\/article\/23022018\/svp-m5s-scoppia-lintesa\" target=\"_blank\" rel=\"noopener noreferrer\"><em>Salto<\/em>-Interview<\/a> mit Manfred Schullian (<abbr title=\"S\u00fcdtiroler Volkspartei\">SVP<\/abbr>) \u2014 der erst neulich <a title=\"SVP will Pr\u00e4fektur nicht abschaffen.\" href=\"http:\/\/www.brennerbasisdemokratie.eu\/?p=39243\">dem <em>A. Adige<\/em> best\u00e4tigt<\/a> hatte, dass die Sammelpartei nicht die Abschaffung des Regierungskommissariats will \u2014 hat der Trentiner <abbr title=\"F\u00fcnfsternebewegung\">5SB<\/abbr>-Abgeordnete Riccardo Fraccaro unter Beweis gestellt, wie wenig offenbar hinter der angeblich pro-f\u00f6deralistischen Grundhaltung seiner Bewegung steckt: Sowohl der Forderung nach \u00dcbertragung von Zust\u00e4ndigkeiten im Bereich der \u00f6ffentlichen Sicherheit von der Pr\u00e4fektur an die Landesregierung, als auch der \u00dcbernahme der Einnahmenagenturen erteilte er eine klare Absage.<\/p>\n<p>In der Bundesrepublik Deutschland sind sowohl die \u00f6ffentliche Sicherheit und Ordnung (einschlie\u00dflich Polizei), als auch die Finanzbeh\u00f6rden L\u00e4ndersache. Im \u00bbf\u00f6deralen\u00ab Italien der 5SB hingegen h\u00e4tten solche Zust\u00e4ndigkeiten \u2014 wenigstens laut Riccardo Fraccaro \u2014 nicht einmal Sonderautonomien wie S\u00fcdtirol und das Trentino.<\/p>\n<p><strong><span style=\"font-family: Helvetica, Arial, sans-serif; text-transform: uppercase;\">C\u00ebla enghe:<\/span><\/strong> <a title=\"M5S favorevole alla macroregione del \u00abTriveneto\u00bb.\" href=\"http:\/\/www.brennerbasisdemokratie.eu\/?p=27698\"><code>01<\/code><\/a> <a title=\"Bereit f\u00fcr die 53L85783571MMUN9?\" href=\"http:\/\/www.brennerbasisdemokratie.eu\/?p=29727\"><code>02<\/code><\/a> <a title=\"5SB f\u00fcr die Selbstbestimmung.\" href=\"http:\/\/www.brennerbasisdemokratie.eu\/?p=14473\"><code>03<\/code><\/a> <a title=\"Der Regional Authority Index.\" href=\"http:\/\/www.brennerbasisdemokratie.eu\/?p=37233\"><code>04<\/code><\/a> <a title=\"Ein Land \u2014 wie Brandenburg.\" href=\"http:\/\/www.brennerbasisdemokratie.eu\/?p=11874\"><code>05<\/code><\/a> <a title=\"Autonomievergleich (II).\" href=\"http:\/\/www.brennerbasisdemokratie.eu\/?p=29703\"><code>06<\/code><\/a><\/p>","protected":false},"excerpt":{"rendered":"<p>Im gemeinsamen Salto-Interview mit Manfred Schullian (SVP) \u2014 der erst neulich dem A. Adige best\u00e4tigt hatte, dass die Sammelpartei nicht die Abschaffung des Regierungskommissariats will \u2014 hat der Trentiner 5SB-Abgeordnete Riccardo Fraccaro unter Beweis gestellt, wie wenig offenbar hinter der angeblich pro-f\u00f6deralistischen Grundhaltung seiner Bewegung steckt: Sowohl der Forderung nach \u00dcbertragung von Zust\u00e4ndigkeiten im Bereich [&hellip;]<\/p>","protected":false},"author":1,"featured_media":0,"comment_status":"open","ping_status":"open","sticky":false,"template":"","format":"standard","meta":{"_crdt_document":"","ngg_post_thumbnail":0,"_jetpack_memberships_contains_paid_content":false,"footnotes":""},"categories":[1],"tags":[],"class_list":["post-39262","post","type-post","status-publish","format-standard","hentry","category-allgemein","entity-5sb","entity-einnahmenagentur","entity-regierungskommissariat","entity-svp","issue-autonomievergleich","issue-parlamentswahl-2018","location-sudtirolo","location-trentino","language-deutsch","medium-aa","medium-salto","person-manfred-schullian","topic-comparatio","topic-foederalismus","topic-medien","topic-politik","topic-polizei","topic-sicherheit","topic-vorzeigeautonomie","topic-wirtschaft","topic-zentralismus","topic-zustaendigkeiten"],"jetpack_featured_media_url":"","jetpack_sharing_enabled":true,"_links":{"self":[{"href":"https:\/\/www.brennerbasisdemokratie.eu\/index.php?rest_route=\/wp\/v2\/posts\/39262","targetHints":{"allow":["GET"]}}],"collection":[{"href":"https:\/\/www.brennerbasisdemokratie.eu\/index.php?rest_route=\/wp\/v2\/posts"}],"about":[{"href":"https:\/\/www.brennerbasisdemokratie.eu\/index.php?rest_route=\/wp\/v2\/types\/post"}],"author":[{"embeddable":true,"href":"https:\/\/www.brennerbasisdemokratie.eu\/index.php?rest_route=\/wp\/v2\/users\/1"}],"replies":[{"embeddable":true,"href":"https:\/\/www.brennerbasisdemokratie.eu\/index.php?rest_route=%2Fwp%2Fv2%2Fcomments&post=39262"}],"version-history":[{"count":6,"href":"https:\/\/www.brennerbasisdemokratie.eu\/index.php?rest_route=\/wp\/v2\/posts\/39262\/revisions"}],"predecessor-version":[{"id":95272,"href":"https:\/\/www.brennerbasisdemokratie.eu\/index.php?rest_route=\/wp\/v2\/posts\/39262\/revisions\/95272"}],"wp:attachment":[{"href":"https:\/\/www.brennerbasisdemokratie.eu\/index.php?rest_route=%2Fwp%2Fv2%2Fmedia&parent=39262"}],"wp:term":[{"taxonomy":"category","embeddable":true,"href":"https:\/\/www.brennerbasisdemokratie.eu\/index.php?rest_route=%2Fwp%2Fv2%2Fcategories&post=39262"},{"taxonomy":"post_tag","embeddable":true,"href":"https:\/\/www.brennerbasisdemokratie.eu\/index.php?rest_route=%2Fwp%2Fv2%2Ftags&post=39262"}],"curies":[{"name":"wp","href":"https:\/\/api.w.org\/{rel}","templated":true}]}}