{"id":39267,"date":"2018-02-26T20:06:10","date_gmt":"2018-02-26T19:06:10","guid":{"rendered":"http:\/\/www.brennerbasisdemokratie.eu\/?p=39267"},"modified":"2026-04-29T20:40:24","modified_gmt":"2026-04-29T18:40:24","slug":"39267","status":"publish","type":"post","link":"https:\/\/www.brennerbasisdemokratie.eu\/?p=39267","title":{"rendered":"Nur Gewinner!"},"content":{"rendered":"<!-- Snippets by WebberZone Snippetz --><div class=\"ata_snippets\"><hr style=\"height: 20px; border: none; margin-top: 0em; background-color: darkred;\"\/><\/div><p>Ergebnis der gestrigen Landtagswahl in Nord- und Osttirol: Platter und die \u00d6VP sind klare Wahlsieger! Alle anderen (au\u00dfer die <em>Gr\u00fcnen)<\/em> aber gewinnen auch dazu. <strong>Wie geht das?<\/strong> Die Erkl\u00e4rung ist, dass rund 20% der Stimmen von Parteien stammen, die das letzte Mal angetreten waren, diesmal aber nicht. Insofern ist der Verlust der <em>Gr\u00fcnen<\/em> doppelt so stark zu werten. Und deshalb sollte Platter die <em>Gr\u00fcnen<\/em> in die Regierung nehmen, weil sie am meisten geschw\u00e4cht sind und daher wohl gef\u00fcgiger sein werden als die anderen Parteien, denen jetzt der Kamm steigt&#8230;<\/p>\n<p>Warum aber gewinnt Platter? Ich denke, weil er von den <em>Gr\u00fcnen<\/em> einige essenzielle Themen \u00fcbernommen hat und sie auch konsequent umsetzt. Vor allem bei der leidigen <strong>Transit-Frage<\/strong>. Platter macht wirklich ernst. Nicht, wie sein S\u00fcdtiroler Amtskollege und dessen Vorg\u00e4nger, die immer nur geklagt haben und klagen, es g\u00e4be so viele LKW, aber <strong>Rom<\/strong> will nicht handeln. Nein, Platter handelt und bleibt bei <strong>Blockabfertigung, Lufthunderter und sektoralem Fahrverbot<\/strong> hart. Bravo Herr Platter.<\/p>\n<p>P.S.: Ich habe gestern die <em>Gr\u00fcnen<\/em> gew\u00e4hlt.<\/p>\n<!-- Snippets by WebberZone Snippetz --><div class=\"ata_snippets\"><hr style=\"height: 10px;border: none;margin-top: 0px;background-color: darkred\" \/>\r\n\r\n<div style=\"background-color: none;padding: 0px;font-size: 14px;font-family: Helvetica,Arial;margin: 10px 0px 0px 0px\"><span style=\"color: darkred\"><strong><small>Autor:innen- und Gastbeitr\u00e4ge widerspiegeln nicht notwendigerweise die Meinung oder die Position von BBD, so wie die jeweiligen Verfasser:innen nicht notwendigerweise die Ziele von BBD unterst\u00fctzen.<\/small><\/strong><small>\u00b7 I contributi esterni non necessariamente riflettono le opinioni o la posizione di BBD, come a loro volta le autrici\/gli autori non necessariamente condividono gli obiettivi di BBD. \u2014 <a href=\"http:\/\/www.brennerbasisdemokratie.eu\/?page_id=11356#copyleft\"><strong>\u00a9<\/strong><\/a><\/small><\/span><\/div><\/div>","protected":false},"excerpt":{"rendered":"<p>Ergebnis der gestrigen Landtagswahl in Nord- und Osttirol: Platter und die \u00d6VP sind klare Wahlsieger! Alle anderen (au\u00dfer die Gr\u00fcnen) aber gewinnen auch dazu. Wie geht das? Die Erkl\u00e4rung ist, dass rund 20% der Stimmen von Parteien stammen, die das letzte Mal angetreten waren, diesmal aber nicht. Insofern ist der Verlust der Gr\u00fcnen doppelt so [&hellip;]<\/p>","protected":false},"author":16,"featured_media":0,"comment_status":"open","ping_status":"open","sticky":false,"template":"","format":"standard","meta":{"_crdt_document":"","ngg_post_thumbnail":0,"_jetpack_memberships_contains_paid_content":false,"footnotes":""},"categories":[751],"tags":[],"class_list":["post-39267","post","type-post","status-publish","format-standard","hentry","category-autorinnen-neu","entity-svp","entity-verc","location-nord-osttirol","language-deutsch","person-arno-kompatscher","person-gunther-platter","topic-democrazia","topic-ecologia","topic-mobilitaet","topic-politik"],"jetpack_featured_media_url":"","jetpack_sharing_enabled":true,"_links":{"self":[{"href":"https:\/\/www.brennerbasisdemokratie.eu\/index.php?rest_route=\/wp\/v2\/posts\/39267","targetHints":{"allow":["GET"]}}],"collection":[{"href":"https:\/\/www.brennerbasisdemokratie.eu\/index.php?rest_route=\/wp\/v2\/posts"}],"about":[{"href":"https:\/\/www.brennerbasisdemokratie.eu\/index.php?rest_route=\/wp\/v2\/types\/post"}],"author":[{"embeddable":true,"href":"https:\/\/www.brennerbasisdemokratie.eu\/index.php?rest_route=\/wp\/v2\/users\/16"}],"replies":[{"embeddable":true,"href":"https:\/\/www.brennerbasisdemokratie.eu\/index.php?rest_route=%2Fwp%2Fv2%2Fcomments&post=39267"}],"version-history":[{"count":5,"href":"https:\/\/www.brennerbasisdemokratie.eu\/index.php?rest_route=\/wp\/v2\/posts\/39267\/revisions"}],"predecessor-version":[{"id":99084,"href":"https:\/\/www.brennerbasisdemokratie.eu\/index.php?rest_route=\/wp\/v2\/posts\/39267\/revisions\/99084"}],"wp:attachment":[{"href":"https:\/\/www.brennerbasisdemokratie.eu\/index.php?rest_route=%2Fwp%2Fv2%2Fmedia&parent=39267"}],"wp:term":[{"taxonomy":"category","embeddable":true,"href":"https:\/\/www.brennerbasisdemokratie.eu\/index.php?rest_route=%2Fwp%2Fv2%2Fcategories&post=39267"},{"taxonomy":"post_tag","embeddable":true,"href":"https:\/\/www.brennerbasisdemokratie.eu\/index.php?rest_route=%2Fwp%2Fv2%2Ftags&post=39267"}],"curies":[{"name":"wp","href":"https:\/\/api.w.org\/{rel}","templated":true}]}}