{"id":39515,"date":"2018-03-05T14:39:20","date_gmt":"2018-03-05T13:39:20","guid":{"rendered":"http:\/\/www.brennerbasisdemokratie.eu\/?p=39515"},"modified":"2023-01-28T22:10:02","modified_gmt":"2023-01-28T21:10:02","slug":"4m-gesamtergebnis-sudtirol","status":"publish","type":"post","link":"https:\/\/www.brennerbasisdemokratie.eu\/?p=39515","title":{"rendered":"4M: Gesamtergebnis S\u00fcdtirol."},"content":{"rendered":"<p>Hier sind die aggregierten Listenergebnisse f\u00fcr ganz S\u00fcdtirol <a title=\"Parlamentswahlergebnis 2018\u2026\" href=\"http:\/\/www.brennerbasisdemokratie.eu\/?p=39465\">zur Parlamentswahl 2018.<\/a> Die (relativ wenigen) Stimmen, die direkt an die Kandidatinnen vergeben wurden, sind in diesen Aufstellungen ebensowenig ber\u00fccksichtigt, wie die wei\u00dfen und ung\u00fcltigen.<\/p>\n<blockquote><p><img loading=\"lazy\" decoding=\"async\" class=\"aligncenter size-full wp-image-39526\" src=\"http:\/\/www.brennerbasisdemokratie.eu\/wp-content\/uploads\/2018\/03\/parlamentswahl2018_senat_st.jpg\" alt=\"\" width=\"869\" height=\"474\" srcset=\"https:\/\/www.brennerbasisdemokratie.eu\/wp-content\/uploads\/2018\/03\/parlamentswahl2018_senat_st.jpg 869w, https:\/\/www.brennerbasisdemokratie.eu\/wp-content\/uploads\/2018\/03\/parlamentswahl2018_senat_st-768x419.jpg 768w\" sizes=\"auto, (max-width: 869px) 100vw, 869px\" \/><\/p><\/blockquote>\n<blockquote><p><img loading=\"lazy\" decoding=\"async\" class=\"aligncenter size-full wp-image-39525\" src=\"http:\/\/www.brennerbasisdemokratie.eu\/wp-content\/uploads\/2018\/03\/parlamentswahl2018_kammer_st.jpg\" alt=\"\" width=\"850\" height=\"474\" srcset=\"https:\/\/www.brennerbasisdemokratie.eu\/wp-content\/uploads\/2018\/03\/parlamentswahl2018_kammer_st.jpg 850w, https:\/\/www.brennerbasisdemokratie.eu\/wp-content\/uploads\/2018\/03\/parlamentswahl2018_kammer_st-768x428.jpg 768w\" sizes=\"auto, (max-width: 850px) 100vw, 850px\" \/><\/p><\/blockquote>\n<p>Auf Landesebene<\/p>\n<ul>\n<li>f\u00fchrt die <abbr title=\"S\u00fcdtiroler Volkspartei\">SVP<\/abbr> deutlich, erreicht jedoch nicht die absolute Mehrheit;<\/li>\n<li>ist die <abbr title=\"F\u00fcnfsternebewegung\">5SB<\/abbr> vor <em>Lega,<\/em>\u00a0<abbr title=\"Partito Democratico\">PD<\/abbr> und <em>Forza Italia<\/em> zur zweitst\u00e4rksten Partei aufgestiegen;<\/li>\n<li>schneiden sowohl LeU (mit den S\u00fcdtiroler <em>Gr\u00fcnen),<\/em> als \u2014 bedenklicherweise \u2014 auch <em>CasaPound<\/em> (CPI) besser ab, als auf Staatsebene;<\/li>\n<li>liegt CPI sogar vor Alessandro Urz\u00ecs <em>Fratelli d&#8217;Italia.<\/em><\/li>\n<\/ul>","protected":false},"excerpt":{"rendered":"<p>Hier sind die aggregierten Listenergebnisse f\u00fcr ganz S\u00fcdtirol zur Parlamentswahl 2018. Die (relativ wenigen) Stimmen, die direkt an die Kandidatinnen vergeben wurden, sind in diesen Aufstellungen ebensowenig ber\u00fccksichtigt, wie die wei\u00dfen und ung\u00fcltigen. Auf Landesebene f\u00fchrt die SVP deutlich, erreicht jedoch nicht die absolute Mehrheit; ist die 5SB vor Lega,\u00a0PD und Forza Italia zur zweitst\u00e4rksten [&hellip;]<\/p>","protected":false},"author":1,"featured_media":0,"comment_status":"open","ping_status":"open","sticky":false,"template":"","format":"standard","meta":{"_crdt_document":"","ngg_post_thumbnail":0,"_jetpack_memberships_contains_paid_content":false,"footnotes":""},"categories":[1],"tags":[],"class_list":["post-39515","post","type-post","status-publish","format-standard","hentry","category-allgemein","entity-5sb","entity-cpi","entity-fdi","entity-lega","entity-pd","entity-pdl","entity-svp","entity-verc","issue-parlamentswahl-2018","location-italy","location-sudtirolo","language-deutsch","person-alessandro-urzi","topic-democrazia","topic-politik","topic-recherche","topic-statistik"],"jetpack_featured_media_url":"","jetpack_sharing_enabled":true,"_links":{"self":[{"href":"https:\/\/www.brennerbasisdemokratie.eu\/index.php?rest_route=\/wp\/v2\/posts\/39515","targetHints":{"allow":["GET"]}}],"collection":[{"href":"https:\/\/www.brennerbasisdemokratie.eu\/index.php?rest_route=\/wp\/v2\/posts"}],"about":[{"href":"https:\/\/www.brennerbasisdemokratie.eu\/index.php?rest_route=\/wp\/v2\/types\/post"}],"author":[{"embeddable":true,"href":"https:\/\/www.brennerbasisdemokratie.eu\/index.php?rest_route=\/wp\/v2\/users\/1"}],"replies":[{"embeddable":true,"href":"https:\/\/www.brennerbasisdemokratie.eu\/index.php?rest_route=%2Fwp%2Fv2%2Fcomments&post=39515"}],"version-history":[{"count":10,"href":"https:\/\/www.brennerbasisdemokratie.eu\/index.php?rest_route=\/wp\/v2\/posts\/39515\/revisions"}],"predecessor-version":[{"id":75973,"href":"https:\/\/www.brennerbasisdemokratie.eu\/index.php?rest_route=\/wp\/v2\/posts\/39515\/revisions\/75973"}],"wp:attachment":[{"href":"https:\/\/www.brennerbasisdemokratie.eu\/index.php?rest_route=%2Fwp%2Fv2%2Fmedia&parent=39515"}],"wp:term":[{"taxonomy":"category","embeddable":true,"href":"https:\/\/www.brennerbasisdemokratie.eu\/index.php?rest_route=%2Fwp%2Fv2%2Fcategories&post=39515"},{"taxonomy":"post_tag","embeddable":true,"href":"https:\/\/www.brennerbasisdemokratie.eu\/index.php?rest_route=%2Fwp%2Fv2%2Ftags&post=39515"}],"curies":[{"name":"wp","href":"https:\/\/api.w.org\/{rel}","templated":true}]}}