{"id":39928,"date":"2018-03-27T15:27:32","date_gmt":"2018-03-27T13:27:32","guid":{"rendered":"http:\/\/www.brennerbasisdemokratie.eu\/?p=39928"},"modified":"2021-05-08T22:09:44","modified_gmt":"2021-05-08T20:09:44","slug":"de-zayas-gegen-auslieferung-von-puigdemont","status":"publish","type":"post","link":"https:\/\/www.brennerbasisdemokratie.eu\/?p=39928","title":{"rendered":"De Zayas gegen Auslieferung von Puigdemont."},"content":{"rendered":"<p>Der derzeitige Sonderberichterstatter der Vereinten Nationen zur F\u00f6rderung einer demokratischen und gerechten internationalen Ordnung \u2014 sowie ehemalige Sekret\u00e4r des UN-Menschenrechtsausschusses \u2014 Alfred De Zayas hat sich schon mehrmals <a title=\"De Zayas gegen Anwendung von Artikel 155.\" href=\"http:\/\/www.brennerbasisdemokratie.eu\/?p=37155\">zur Situation in Katalonien<\/a> sowie <a title=\"De Zayas on self-determination.\" href=\"http:\/\/www.brennerbasisdemokratie.eu\/?p=36574\">zum Recht auf Selbstbestimmung<\/a> im allgemeinen ge\u00e4u\u00dfert.<\/p>\n<p>In einem <a title=\"El Mat\u00ed de Catalunya R\u00e0dio: Interview mit De Zayas.\" href=\"http:\/\/www.ccma.cat\/catradio\/alacarta\/el-mati-de-catalunya-radio\/de-zayas-onu-si-puigdemont-fos-extradit-a-espanya-es-vulneraria-la-convencio-de-ginebra\/audio\/996787\/#\" target=\"_blank\" rel=\"noopener noreferrer\">Interview<\/a>, das gestern <em>El Mat\u00ed de Catalunya R\u00e0dio<\/em> mit ihm gef\u00fchrt hat, nahm er nun auch zur <a title=\"Eil: Puigdemont in Deutschland festgenommen.\" href=\"http:\/\/www.brennerbasisdemokratie.eu\/?p=39869\">Situation<\/a> von Carles Puigdemont (<abbr title=\"Partit Dem\u00f2crata Europeu Catal\u00e0\">PDeCAT<\/abbr>) Stellung. Er vertrat die Ansicht, dass eine allf\u00e4llige Auslieferung des katalanischen Pr\u00e4sidenten an Spanien eine Verletzung der Genfer Fl\u00fcchtlingskonvention w\u00e4re. Zwar handle es sich bei Puigdemont aus \u00bbtechnischer Sicht\u00ab um keinen Fl\u00fcchtling, er werde in Spanien jedoch aus politischen Gr\u00fcnden verfolgt.<\/p>\n<p>Au\u00dferdem warf De Zayas Br\u00fcssel vor, nicht angemessen auf die Missachtung von Artikel 2 des Lissabon-Vertrags durch Spanien zu reagieren.<\/p>\n<p><strong><span style=\"font-family: Helvetica, Arial, sans-serif; text-transform: uppercase;\">C\u00ebla enghe:<\/span><\/strong> <a title=\"Eil: Puigdemont unter Auflagen frei.\" href=\"http:\/\/www.brennerbasisdemokratie.eu\/?p=40360\"><span style=\"color: #ff8c00\"><code>01<\/code><\/span><\/a> <a title=\"Haftbefehl gegen Puigdemont zur\u00fcckgezogen.\" href=\"http:\/\/www.brennerbasisdemokratie.eu\/?p=41908\"><span style=\"color: #ff8c00\"><code>02<\/code><\/span><\/a><\/p>","protected":false},"excerpt":{"rendered":"<p>Der derzeitige Sonderberichterstatter der Vereinten Nationen zur F\u00f6rderung einer demokratischen und gerechten internationalen Ordnung \u2014 sowie ehemalige Sekret\u00e4r des UN-Menschenrechtsausschusses \u2014 Alfred De Zayas hat sich schon mehrmals zur Situation in Katalonien sowie zum Recht auf Selbstbestimmung im allgemeinen ge\u00e4u\u00dfert. In einem Interview, das gestern El Mat\u00ed de Catalunya R\u00e0dio mit ihm gef\u00fchrt hat, nahm [&hellip;]<\/p>","protected":false},"author":1,"featured_media":0,"comment_status":"open","ping_status":"open","sticky":false,"template":"","format":"standard","meta":{"_crdt_document":"","ngg_post_thumbnail":0,"_jetpack_memberships_contains_paid_content":false,"footnotes":""},"categories":[1],"tags":[],"class_list":["post-39928","post","type-post","status-publish","format-standard","hentry","category-allgemein","entity-eu","entity-pdecat","issue-good-news","location-catalunya","language-deutsch","person-alfred-de-zayas","person-carles-puigdemont","topic-grundrechte","topic-medien","topic-politik","topic-recht","topic-selbstbestimmung"],"jetpack_featured_media_url":"","jetpack_sharing_enabled":true,"_links":{"self":[{"href":"https:\/\/www.brennerbasisdemokratie.eu\/index.php?rest_route=\/wp\/v2\/posts\/39928","targetHints":{"allow":["GET"]}}],"collection":[{"href":"https:\/\/www.brennerbasisdemokratie.eu\/index.php?rest_route=\/wp\/v2\/posts"}],"about":[{"href":"https:\/\/www.brennerbasisdemokratie.eu\/index.php?rest_route=\/wp\/v2\/types\/post"}],"author":[{"embeddable":true,"href":"https:\/\/www.brennerbasisdemokratie.eu\/index.php?rest_route=\/wp\/v2\/users\/1"}],"replies":[{"embeddable":true,"href":"https:\/\/www.brennerbasisdemokratie.eu\/index.php?rest_route=%2Fwp%2Fv2%2Fcomments&post=39928"}],"version-history":[{"count":7,"href":"https:\/\/www.brennerbasisdemokratie.eu\/index.php?rest_route=\/wp\/v2\/posts\/39928\/revisions"}],"predecessor-version":[{"id":64923,"href":"https:\/\/www.brennerbasisdemokratie.eu\/index.php?rest_route=\/wp\/v2\/posts\/39928\/revisions\/64923"}],"wp:attachment":[{"href":"https:\/\/www.brennerbasisdemokratie.eu\/index.php?rest_route=%2Fwp%2Fv2%2Fmedia&parent=39928"}],"wp:term":[{"taxonomy":"category","embeddable":true,"href":"https:\/\/www.brennerbasisdemokratie.eu\/index.php?rest_route=%2Fwp%2Fv2%2Fcategories&post=39928"},{"taxonomy":"post_tag","embeddable":true,"href":"https:\/\/www.brennerbasisdemokratie.eu\/index.php?rest_route=%2Fwp%2Fv2%2Ftags&post=39928"}],"curies":[{"name":"wp","href":"https:\/\/api.w.org\/{rel}","templated":true}]}}