{"id":40141,"date":"2018-03-30T10:17:28","date_gmt":"2018-03-30T08:17:28","guid":{"rendered":"http:\/\/www.brennerbasisdemokratie.eu\/?p=40141"},"modified":"2019-03-10T19:17:56","modified_gmt":"2019-03-10T18:17:56","slug":"news-about-fake-news","status":"publish","type":"post","link":"https:\/\/www.brennerbasisdemokratie.eu\/?p=40141","title":{"rendered":"News about Fake News."},"content":{"rendered":"<p>Als <img class=\"bbdlogo\" src=\"https:\/\/www.brennerbasisdemokratie.eu\/wp-content\/uploads\/bbdsmileys\/bbde.png\">-Blogger war ich neulich zusammen mit\u00a0Harald Zimmerhofer\u00a0(Informatiker), Martin Sagmeister (Amt f\u00fcr Film und Medien) und Arnold Malfertheiner (Berater Online-Kommunikation) in der RAI-Gespr\u00e4chsreihe <em>Ansichtssache<\/em>\u00a0zu Gast. Wir haben eine Stunde lang zum Thema &#8220;L\u00fcgen, Manipulation und Zensur im Internet&#8221; diskutiert. Hier die Sendung zum Nachh\u00f6ren:<\/p>\n<audio class=\"wp-audio-shortcode\" id=\"audio-40141-1\" preload=\"none\" style=\"width: 100%;\" controls=\"controls\"><source type=\"audio\/mpeg\" src=\"http:\/\/www.brennerbasisdemokratie.eu\/wp-content\/uploads\/2018\/03\/Ansichtssache_23-03-2018.mp3?_=1\" \/><a href=\"http:\/\/www.brennerbasisdemokratie.eu\/wp-content\/uploads\/2018\/03\/Ansichtssache_23-03-2018.mp3\">http:\/\/www.brennerbasisdemokratie.eu\/wp-content\/uploads\/2018\/03\/Ansichtssache_23-03-2018.mp3<\/a><\/audio>\n<p><strong><span style=\"font-family: Helvetica, Arial, sans-serif; text-transform: uppercase;\">C\u00ebla enghe:<\/span><\/strong> <a title=\"Internet und Respekt.\" href=\"http:\/\/www.brennerbasisdemokratie.eu\/?p=39154\"><code>01<\/code><\/a> <a title=\"BBD bei \u00bbAnsichtssache\u00ab.\" href=\"http:\/\/www.brennerbasisdemokratie.eu\/?p=21577\"><code>02<\/code><\/a><\/p>","protected":false},"excerpt":{"rendered":"<p>Als -Blogger war ich neulich zusammen mit\u00a0Harald Zimmerhofer\u00a0(Informatiker), Martin Sagmeister (Amt f\u00fcr Film und Medien) und Arnold Malfertheiner (Berater Online-Kommunikation) in der RAI-Gespr\u00e4chsreihe Ansichtssache\u00a0zu Gast. Wir haben eine Stunde lang zum Thema &#8220;L\u00fcgen, Manipulation und Zensur im Internet&#8221; diskutiert. Hier die Sendung zum Nachh\u00f6ren: C\u00ebla enghe: 01 02<\/p>","protected":false},"author":8,"featured_media":0,"comment_status":"open","ping_status":"open","sticky":false,"template":"","format":"standard","meta":{"_crdt_document":"","ngg_post_thumbnail":0,"_jetpack_memberships_contains_paid_content":false,"footnotes":""},"categories":[1],"tags":[],"class_list":["post-40141","post","type-post","status-publish","format-standard","hentry","category-allgemein","entity-bbd","issue-afk","language-deutsch","medium-rai","medium-socialmedia","topic-medien","topic-tech_com","topic-verbraucherinnen"],"jetpack_featured_media_url":"","jetpack_sharing_enabled":true,"_links":{"self":[{"href":"https:\/\/www.brennerbasisdemokratie.eu\/index.php?rest_route=\/wp\/v2\/posts\/40141","targetHints":{"allow":["GET"]}}],"collection":[{"href":"https:\/\/www.brennerbasisdemokratie.eu\/index.php?rest_route=\/wp\/v2\/posts"}],"about":[{"href":"https:\/\/www.brennerbasisdemokratie.eu\/index.php?rest_route=\/wp\/v2\/types\/post"}],"author":[{"embeddable":true,"href":"https:\/\/www.brennerbasisdemokratie.eu\/index.php?rest_route=\/wp\/v2\/users\/8"}],"replies":[{"embeddable":true,"href":"https:\/\/www.brennerbasisdemokratie.eu\/index.php?rest_route=%2Fwp%2Fv2%2Fcomments&post=40141"}],"version-history":[{"count":7,"href":"https:\/\/www.brennerbasisdemokratie.eu\/index.php?rest_route=\/wp\/v2\/posts\/40141\/revisions"}],"predecessor-version":[{"id":42321,"href":"https:\/\/www.brennerbasisdemokratie.eu\/index.php?rest_route=\/wp\/v2\/posts\/40141\/revisions\/42321"}],"wp:attachment":[{"href":"https:\/\/www.brennerbasisdemokratie.eu\/index.php?rest_route=%2Fwp%2Fv2%2Fmedia&parent=40141"}],"wp:term":[{"taxonomy":"category","embeddable":true,"href":"https:\/\/www.brennerbasisdemokratie.eu\/index.php?rest_route=%2Fwp%2Fv2%2Fcategories&post=40141"},{"taxonomy":"post_tag","embeddable":true,"href":"https:\/\/www.brennerbasisdemokratie.eu\/index.php?rest_route=%2Fwp%2Fv2%2Ftags&post=40141"}],"curies":[{"name":"wp","href":"https:\/\/api.w.org\/{rel}","templated":true}]}}