{"id":40156,"date":"2018-03-31T11:27:06","date_gmt":"2018-03-31T09:27:06","guid":{"rendered":"http:\/\/www.brennerbasisdemokratie.eu\/?p=40156"},"modified":"2022-07-03T19:23:49","modified_gmt":"2022-07-03T17:23:49","slug":"quotation-458-impfpflicht-fordert-widerstande","status":"publish","type":"post","link":"https:\/\/www.brennerbasisdemokratie.eu\/?p=40156","title":{"rendered":"Impfpflicht f\u00f6rdert Widerst\u00e4nde."},"content":{"rendered":"<blockquote><p>Wir wissen, dass L\u00e4nder, die die Pflichtimpfung einf\u00fchren \u2014 aufgrund unzureichender Durchimpfungsraten \u2014, dass es ihnen nicht gelingt, bessere Durchimpfungsraten zu erzielen, wie in L\u00e4ndern, in denen eine gute Aufkl\u00e4rung der Eltern durchgef\u00fchrt wird.<\/p><\/blockquote>\n<blockquote><p>Wenn wir eine Impfpflicht einf\u00fchren, dann erzeugen wir damit nat\u00fcrlich auch Widerst\u00e4nde, die dann dazu f\u00fchren k\u00f6nnen, dass sich gro\u00dfe Teile der Bev\u00f6lkerung, die vorher in dem informierten Entscheidungsprozess mit einbezogen sind, [\u2026] die sich dagegen wehren, \u2018warum werde ich sozusagen gezwungen dazu, mein Kind zu impfen\u2019?<\/p><\/blockquote>\n<blockquote><p>Impfungen sind wichtig, weil wir damit wirklich lebensbedrohliche Erkrankungen vermeiden k\u00f6nnen, eliminieren k\u00f6nnen.<\/p><\/blockquote>\n<p><em>Prof. Johannes Liese, Uni-Klinik W\u00fcrzburg, Teilnehmer am Brixner Oster-Seminar-Kongess, in der gestrigen <\/em>Tagesschau<em> von <\/em>Rai S\u00fcdtirol<\/p>\n<p><strong><span style=\"font-family: Helvetica, Arial, sans-serif; text-transform: uppercase;\">C\u00ebla enghe:<\/span><\/strong> <a title=\"Zur Impfpflicht\u2026\" href=\"http:\/\/www.brennerbasisdemokratie.eu\/?p=34766\"><code>01<\/code><\/a> <a title=\"Kritische Betrachtung der Impfpflicht.\" href=\"http:\/\/www.brennerbasisdemokratie.eu\/?p=34811\"><code>02<\/code><\/a> <a title=\"Landtag gegen neue Impfpflicht.\" href=\"http:\/\/www.brennerbasisdemokratie.eu\/?p=34925\"><code>03<\/code><\/a> <a title=\"Vaccini, Sudtirolo arretrato?\" href=\"http:\/\/www.brennerbasisdemokratie.eu\/?p=39407\"><code>04<\/code><\/a><\/p>","protected":false},"excerpt":{"rendered":"<p>Wir wissen, dass L\u00e4nder, die die Pflichtimpfung einf\u00fchren \u2014 aufgrund unzureichender Durchimpfungsraten \u2014, dass es ihnen nicht gelingt, bessere Durchimpfungsraten zu erzielen, wie in L\u00e4ndern, in denen eine gute Aufkl\u00e4rung der Eltern durchgef\u00fchrt wird. Wenn wir eine Impfpflicht einf\u00fchren, dann erzeugen wir damit nat\u00fcrlich auch Widerst\u00e4nde, die dann dazu f\u00fchren k\u00f6nnen, dass sich gro\u00dfe Teile [&hellip;]<\/p>","protected":false},"author":1,"featured_media":0,"comment_status":"open","ping_status":"open","sticky":false,"template":"","format":"standard","meta":{"_crdt_document":"","ngg_post_thumbnail":0,"_jetpack_memberships_contains_paid_content":false,"footnotes":""},"categories":[1],"tags":[],"class_list":["post-40156","post","type-post","status-publish","format-standard","hentry","category-allgemein","issue-quotation","language-deutsch","medium-rai","topic-gesundheit","topic-medien","topic-recht","topic-selbstbestimmung","topic-wissenschaft"],"jetpack_featured_media_url":"","jetpack_sharing_enabled":true,"_links":{"self":[{"href":"https:\/\/www.brennerbasisdemokratie.eu\/index.php?rest_route=\/wp\/v2\/posts\/40156","targetHints":{"allow":["GET"]}}],"collection":[{"href":"https:\/\/www.brennerbasisdemokratie.eu\/index.php?rest_route=\/wp\/v2\/posts"}],"about":[{"href":"https:\/\/www.brennerbasisdemokratie.eu\/index.php?rest_route=\/wp\/v2\/types\/post"}],"author":[{"embeddable":true,"href":"https:\/\/www.brennerbasisdemokratie.eu\/index.php?rest_route=\/wp\/v2\/users\/1"}],"replies":[{"embeddable":true,"href":"https:\/\/www.brennerbasisdemokratie.eu\/index.php?rest_route=%2Fwp%2Fv2%2Fcomments&post=40156"}],"version-history":[{"count":8,"href":"https:\/\/www.brennerbasisdemokratie.eu\/index.php?rest_route=\/wp\/v2\/posts\/40156\/revisions"}],"predecessor-version":[{"id":67219,"href":"https:\/\/www.brennerbasisdemokratie.eu\/index.php?rest_route=\/wp\/v2\/posts\/40156\/revisions\/67219"}],"wp:attachment":[{"href":"https:\/\/www.brennerbasisdemokratie.eu\/index.php?rest_route=%2Fwp%2Fv2%2Fmedia&parent=40156"}],"wp:term":[{"taxonomy":"category","embeddable":true,"href":"https:\/\/www.brennerbasisdemokratie.eu\/index.php?rest_route=%2Fwp%2Fv2%2Fcategories&post=40156"},{"taxonomy":"post_tag","embeddable":true,"href":"https:\/\/www.brennerbasisdemokratie.eu\/index.php?rest_route=%2Fwp%2Fv2%2Ftags&post=40156"}],"curies":[{"name":"wp","href":"https:\/\/api.w.org\/{rel}","templated":true}]}}