{"id":40204,"date":"2018-04-03T15:11:09","date_gmt":"2018-04-03T13:11:09","guid":{"rendered":"http:\/\/www.brennerbasisdemokratie.eu\/?p=40204"},"modified":"2023-01-03T22:27:04","modified_gmt":"2023-01-03T21:27:04","slug":"der-generalstaatsanwalt-von-schleswig-holstein-macht-sich-den-rebellionsvorwurf-zueigen","status":"publish","type":"post","link":"https:\/\/www.brennerbasisdemokratie.eu\/?p=40204","title":{"rendered":"Der Generalstaatsanwalt von Schleswig-Holstein macht sich den Rebellionsvorwurf zueigen."},"content":{"rendered":"<p>Mit seinem <a title=\"Auslieferung von Puigdemont r\u00fcckt n\u00e4her.\" href=\"http:\/\/www.brennerbasisdemokratie.eu\/?p=40190\">Antrag auf Erlass eines Auslieferungshaftbefehls<\/a> gegen den katalanischen Pr\u00e4sidenten Puigdemont (<abbr title=\"Partit Dem\u00f2crata Europeu Catal\u00e0\">PDeCAT<\/abbr>) wegen Rebellion macht sich der Generalstaatsanwalt von Schleswig-Holstein \u2014 zumindest indirekt \u2014 die irrwitzigen Argumente des spanischen Untersuchungsrichters Pablo Llarena zueigen, mit denen eine gewaltsame Erhebung herbeifabuliert wird.<\/p>\n<p>Das klingt in der <a title=\"Medienmitteilung des Generalstaatsanwalts von SH.\" href=\"http:\/\/www.brennerbasisdemokratie.eu\/wp-content\/uploads\/2018\/04\/generalstaatsanwalt_sh_puigdemont.pdf\">Medienmitteilung<\/a> der Generalstaatsanwaltschaft so:<\/p>\n<blockquote><p>Der Vorwurf der Rebellion beinhaltet im Kern den Vorwurf der Durchf\u00fchrung eines verfassungswidrigen Referendums trotz zu erwartender gewaltsamer Ausschreitungen. Dies findet eine vergleichbare Entsprechung im Deutschen Strafrecht in den \u00a7\u00a7 81, 82 Strafgesetzbuch (Hochverrat). Eine wortgleiche \u00dcbereinstimmung der deutschen und spanischen Vorschriften ist insoweit gesetzlich nicht gefordert.<\/p><\/blockquote>\n<blockquote><p>Tats\u00e4chlich werfen die spanischen Beh\u00f6rden Herrn Puigdemont vor, am 28. September 2017 mit Regierungsmitgliedern Kataloniens als Pr\u00e4sident derautonomen Regierung von Katalonien gelegentlich eines Treffens mit f\u00fchrenden Polizeikr\u00e4ften Kataloniens entschieden zu haben, dass ein Referendum zur Frage der Unabh\u00e4ngigkeit Kataloniens durchgef\u00fchrt wird, obgleich bereits in den Jahren zuvor vom spanischen Verfassungsgericht wiederholt und grunds\u00e4tzlich festgestellt worden war, dass ein solches nicht mit der spanischen Verfassung vereinbar sei. Dabei sei seitens der Polizeikr\u00e4fte darauf hingewiesen worden, dass in Ansehung der gewaltsamen Auseinandersetzungen, die bereits am 20. September 2017 zwischen B\u00fcrgern und der Guardia Civil stattgefunden hatten, eine Eskalation der Gewalt f\u00fcr den Tag des Referendums (1. Oktober 2017) zu erwarten sei. Trotzdem habe die autonome Regierung Kataloniens \u2013 darunter auch der Verfolgte als deren Pr\u00e4sident \u2013 entschieden, das Referendum stattfinden zu lassen, und die Kr\u00e4fte der autonomen Polizei verpflichtet sicherzustellen, dass die Bef\u00fcrworter des Abspaltungsprozesses an der Wahl teilnehmen k\u00f6nnen.<\/p><\/blockquote>\n<p>Hinweisen von Rechtsexperten in Deutschland wie in Spanien zufolge setzen die Straftatbest\u00e4nde des Hochverrats sowie der Rebellion zwangsl\u00e4ufig eine gewaltsame Erhebung voraus. Falls stimmt, was die Generalstaatsanwaltschaft von Schleswig-Holstein wiedergibt, kann jedoch h\u00f6chstens davon ausgegangen werden, dass Puigdemont und seine Regierung Gewalt in Kauf genommen haben.<\/p>\n<p>Zu einer gewaltsamen Erhebung kam es weder durch Puigdemont und den anderen angeklagten Regierungsmitglieder, noch durch die katalanische Bev\u00f6lkerung. Zu Gewaltexzessen kam es \u2014 wie <a title=\"OSZE kritisiert \u00dcberf\u00e4lle der spanischen Polizei.\" href=\"http:\/\/www.brennerbasisdemokratie.eu\/?p=36777\">OSZE<\/a>, UNO, <a title=\"Human Rights Watch r\u00fcgt Spanien.\" href=\"http:\/\/www.brennerbasisdemokratie.eu\/?p=36994\"><em>Human Rights Watch<\/em><\/a> oder <a title=\"Spain \u2018condemned\u2019 by Amnesty International.\" href=\"http:\/\/www.brennerbasisdemokratie.eu\/?p=39233\"><em>Amnesty International<\/em><\/a> feststellten \u2014 fast ausschlie\u00dflich durch den Einsatz von Polizei und <em>Guardia Civil.<\/em> Die direkt von der katalanischen <em>Generalitat<\/em> abh\u00e4ngige Landespolizei <em>Mossos d&#8217;Esquadra<\/em> ging wesentlich gem\u00e4\u00dfigter vor und versuchte teilweise sogar, zwischen friedfertigen B\u00fcrgerinnen und Staatspolizeien vermittelnd zu agieren.<\/p>\n<p>Urteile \u00fcber die Vorw\u00fcrfe von Untersuchungsrichter Pablo Llarena und Generalstaatsanwalt Wolfgang Zepter durch die zust\u00e4ndigen spanischen und schleswig-holsteinischen Gerichte stehen noch aus.<\/p>\n<p><strong><span style=\"font-family: Helvetica, Arial, sans-serif; text-transform: uppercase;\">C\u00ebla enghe:<\/span><\/strong> <a title=\"Die \u00bbRebellion\u00ab nimmt Gestalt an.\" href=\"http:\/\/www.brennerbasisdemokratie.eu\/?p=37263\"><code>01<\/code><\/a> <a title=\"Neue Justizoffensive gegen Katalonien.\" href=\"http:\/\/www.brennerbasisdemokratie.eu\/?p=39842\"><code>02<\/code><\/a>\u00a0<span style=\"font-family: Helvetica, Arial, sans-serif; font-weight: normal;\">||<\/span> <a title=\"Gazeas kritisiert Generalstaatsanwaltschaft.\" href=\"http:\/\/www.brennerbasisdemokratie.eu\/?p=40228\"><span style=\"color: #ff8c00\"><code>01<\/code><\/span><\/a> <a title=\"Eil: Puigdemont unter Auflagen frei.\" href=\"http:\/\/www.brennerbasisdemokratie.eu\/?p=40360\"><span style=\"color: #ff8c00\"><code>02<\/code><\/span><\/a><\/p>","protected":false},"excerpt":{"rendered":"<p>Mit seinem Antrag auf Erlass eines Auslieferungshaftbefehls gegen den katalanischen Pr\u00e4sidenten Puigdemont (PDeCAT) wegen Rebellion macht sich der Generalstaatsanwalt von Schleswig-Holstein \u2014 zumindest indirekt \u2014 die irrwitzigen Argumente des spanischen Untersuchungsrichters Pablo Llarena zueigen, mit denen eine gewaltsame Erhebung herbeifabuliert wird. Das klingt in der Medienmitteilung der Generalstaatsanwaltschaft so: Der Vorwurf der Rebellion beinhaltet im [&hellip;]<\/p>","protected":false},"author":1,"featured_media":0,"comment_status":"open","ping_status":"open","sticky":false,"template":"","format":"standard","meta":{"_crdt_document":"","ngg_post_thumbnail":0,"_jetpack_memberships_contains_paid_content":false,"footnotes":""},"categories":[1],"tags":[],"class_list":["post-40204","post","type-post","status-publish","format-standard","hentry","category-allgemein","entity-amnesty-international","entity-mossos-desquadra","entity-osze","entity-pdecat","entity-uno","entity-verfassungsgericht","issue-1o2017","issue-zitac","location-catalunya","location-schleswig-holstein","language-deutsch","person-carles-puigdemont","topic-politik","topic-polizei","topic-recht","topic-repression","topic-selbstbestimmung","topic-ungehorsam"],"jetpack_featured_media_url":"","jetpack_sharing_enabled":true,"_links":{"self":[{"href":"https:\/\/www.brennerbasisdemokratie.eu\/index.php?rest_route=\/wp\/v2\/posts\/40204","targetHints":{"allow":["GET"]}}],"collection":[{"href":"https:\/\/www.brennerbasisdemokratie.eu\/index.php?rest_route=\/wp\/v2\/posts"}],"about":[{"href":"https:\/\/www.brennerbasisdemokratie.eu\/index.php?rest_route=\/wp\/v2\/types\/post"}],"author":[{"embeddable":true,"href":"https:\/\/www.brennerbasisdemokratie.eu\/index.php?rest_route=\/wp\/v2\/users\/1"}],"replies":[{"embeddable":true,"href":"https:\/\/www.brennerbasisdemokratie.eu\/index.php?rest_route=%2Fwp%2Fv2%2Fcomments&post=40204"}],"version-history":[{"count":11,"href":"https:\/\/www.brennerbasisdemokratie.eu\/index.php?rest_route=\/wp\/v2\/posts\/40204\/revisions"}],"predecessor-version":[{"id":75769,"href":"https:\/\/www.brennerbasisdemokratie.eu\/index.php?rest_route=\/wp\/v2\/posts\/40204\/revisions\/75769"}],"wp:attachment":[{"href":"https:\/\/www.brennerbasisdemokratie.eu\/index.php?rest_route=%2Fwp%2Fv2%2Fmedia&parent=40204"}],"wp:term":[{"taxonomy":"category","embeddable":true,"href":"https:\/\/www.brennerbasisdemokratie.eu\/index.php?rest_route=%2Fwp%2Fv2%2Fcategories&post=40204"},{"taxonomy":"post_tag","embeddable":true,"href":"https:\/\/www.brennerbasisdemokratie.eu\/index.php?rest_route=%2Fwp%2Fv2%2Ftags&post=40204"}],"curies":[{"name":"wp","href":"https:\/\/api.w.org\/{rel}","templated":true}]}}