{"id":40360,"date":"2018-04-05T19:42:25","date_gmt":"2018-04-05T17:42:25","guid":{"rendered":"http:\/\/www.brennerbasisdemokratie.eu\/?p=40360"},"modified":"2024-04-25T11:55:34","modified_gmt":"2024-04-25T09:55:34","slug":"eil-puigdemont-unter-auflagen-frei","status":"publish","type":"post","link":"https:\/\/www.brennerbasisdemokratie.eu\/?p=40360","title":{"rendered":"Eil: Puigdemont unter Auflagen frei."},"content":{"rendered":"<p>Das Oberlandesgericht Schleswig-Holstein hat sich heute mit dem <a title=\"Der Generalstaatsanwalt von Schleswig-Holstein macht sich den Rebellionsvorwurf zueigen.\" href=\"http:\/\/www.brennerbasisdemokratie.eu\/?p=40204\">Antrag der Generalstaatsanwaltschaft<\/a> befasst und dabei die Rebellion (bzw. den Hochverrat, nach deutschem Recht) als Grund f\u00fcr die Auslieferung des katalanischen Pr\u00e4sidenten von vornherein als unzul\u00e4ssig abgelehnt. Der Vollzug der Auslieferungshaft wegen Veruntreuung wurde gegen Hinterlegung einer Kaution in H\u00f6he von 75.000 Euro ausgesetzt.<\/p>\n<p>In der Begr\u00fcndung hei\u00dft es unter anderem, dass das Verhalten von Puigdemont, das vom Untersuchungsrichter am spanischen <em>Tribunal Supremo,<\/em>&nbsp;Pablo Llarena, als Rebellion eingestuft wurde, in Deutschland nicht strafbar sei*. Es fehle das Merkmal der Gewalt.<\/p>\n<p>Der Strafsenat befand auch, dass (zumindest) der Vorwurf der Veruntreuung nicht als politische Verfolgung eingestuft werden kann, weshalb Carles Puigdemont f\u00fcr diesen Tatbestand ausgeliefert werden k\u00f6nnte. Dies wird jedoch Gegenstand einer gesonderten Entscheidung sein.<\/p>\n<p>Was heute au\u00dferdem geschah:<\/p>\n<ul>\n<li>Die drei in Br\u00fcssel verbliebenen katalanischen Ministerinnen Com\u00edn, Puig und Serret &nbsp;wurden einvernommen und unter Auflagen (aber ohne Hinterlegung einer Kaution) freigelassen.<\/li>\n<li>Die spanische <em>Audiencia Nacional<\/em> hat gegen den ehemaligen Chef der katalanischen Landespolizei <em>(Mossos d&#8217;Esquadra),&nbsp;<\/em>Major Josep Llu\u00eds Trapero, Anklage erhoben \u2014 unter anderem wegen Mitgliedschaft in einer kriminellen Vereinigung.<\/li>\n<\/ul>\n<p><strong><span style=\"font-family: Helvetica, Arial, sans-serif; text-transform: uppercase;\">C\u00ebla enghe:<\/span><\/strong> <a title=\"Die \u00bbRebellion\u00ab nimmt Gestalt an.\" href=\"http:\/\/www.brennerbasisdemokratie.eu\/?p=37263\"><code>01<\/code><\/a> <a title=\"Der Tanz um Puigdemont.\" href=\"http:\/\/www.brennerbasisdemokratie.eu\/?p=39971\"><code>02<\/code><\/a>&nbsp;<span style=\"font-family: Helvetica, Arial, sans-serif; font-weight: normal;\">||<\/span> <a title=\"Haftbefehl gegen Puigdemont zur\u00fcckgezogen.\" href=\"http:\/\/www.brennerbasisdemokratie.eu\/?p=41908\"><span style=\"color: #ff8c00\"><code>01<\/code><\/span><\/a> <a title=\"Major Trapero freigesprochen.\" href=\"https:\/\/www.brennerbasisdemokratie.eu\/?p=61402\"><span style=\"color: #ff8c00\"><code>02<\/code><\/span><\/a><\/p>\n<p><small><em>*) womit auch Herbert Dorfmanns <a title=\"Dorfmann: \u00bbJeder andere Staat w\u00fcrde dasselbe tun.\u00ab\" href=\"http:\/\/www.brennerbasisdemokratie.eu\/?p=40150\">Legitimierung<\/a> der Repression widerlegt w\u00e4re<\/em><\/small><\/p>","protected":false},"excerpt":{"rendered":"<p>Das Oberlandesgericht Schleswig-Holstein hat sich heute mit dem Antrag der Generalstaatsanwaltschaft befasst und dabei die Rebellion (bzw. den Hochverrat, nach deutschem Recht) als Grund f\u00fcr die Auslieferung des katalanischen Pr\u00e4sidenten von vornherein als unzul\u00e4ssig abgelehnt. Der Vollzug der Auslieferungshaft wegen Veruntreuung wurde gegen Hinterlegung einer Kaution in H\u00f6he von 75.000 Euro ausgesetzt. In der Begr\u00fcndung [&hellip;]<\/p>","protected":false},"author":1,"featured_media":0,"comment_status":"open","ping_status":"open","sticky":false,"template":"","format":"standard","meta":{"_crdt_document":"","ngg_post_thumbnail":0,"_jetpack_memberships_contains_paid_content":false,"footnotes":""},"categories":[1],"tags":[],"class_list":["post-40360","post","type-post","status-publish","format-standard","hentry","category-allgemein","issue-good-news","location-catalunya","location-schleswig-holstein","language-deutsch","person-carles-puigdemont","topic-politik","topic-polizei","topic-recht","topic-ungehorsam"],"jetpack_featured_media_url":"","jetpack_sharing_enabled":true,"_links":{"self":[{"href":"https:\/\/www.brennerbasisdemokratie.eu\/index.php?rest_route=\/wp\/v2\/posts\/40360","targetHints":{"allow":["GET"]}}],"collection":[{"href":"https:\/\/www.brennerbasisdemokratie.eu\/index.php?rest_route=\/wp\/v2\/posts"}],"about":[{"href":"https:\/\/www.brennerbasisdemokratie.eu\/index.php?rest_route=\/wp\/v2\/types\/post"}],"author":[{"embeddable":true,"href":"https:\/\/www.brennerbasisdemokratie.eu\/index.php?rest_route=\/wp\/v2\/users\/1"}],"replies":[{"embeddable":true,"href":"https:\/\/www.brennerbasisdemokratie.eu\/index.php?rest_route=%2Fwp%2Fv2%2Fcomments&post=40360"}],"version-history":[{"count":16,"href":"https:\/\/www.brennerbasisdemokratie.eu\/index.php?rest_route=\/wp\/v2\/posts\/40360\/revisions"}],"predecessor-version":[{"id":85145,"href":"https:\/\/www.brennerbasisdemokratie.eu\/index.php?rest_route=\/wp\/v2\/posts\/40360\/revisions\/85145"}],"wp:attachment":[{"href":"https:\/\/www.brennerbasisdemokratie.eu\/index.php?rest_route=%2Fwp%2Fv2%2Fmedia&parent=40360"}],"wp:term":[{"taxonomy":"category","embeddable":true,"href":"https:\/\/www.brennerbasisdemokratie.eu\/index.php?rest_route=%2Fwp%2Fv2%2Fcategories&post=40360"},{"taxonomy":"post_tag","embeddable":true,"href":"https:\/\/www.brennerbasisdemokratie.eu\/index.php?rest_route=%2Fwp%2Fv2%2Ftags&post=40360"}],"curies":[{"name":"wp","href":"https:\/\/api.w.org\/{rel}","templated":true}]}}