{"id":4063,"date":"2009-12-25T16:07:48","date_gmt":"2009-12-25T15:07:48","guid":{"rendered":"http:\/\/www.brennerbasisdemokratie.eu\/?p=4063"},"modified":"2025-12-30T22:16:33","modified_gmt":"2025-12-30T21:16:33","slug":"sprachpfusch-bei-der-brennerautobahn","status":"publish","type":"post","link":"https:\/\/www.brennerbasisdemokratie.eu\/?p=4063","title":{"rendered":"Sprachpfusch bei der Brennerautobahn."},"content":{"rendered":"<p>Kurz vor Weihnachten war auf den \u00dcberkopf-Leuchttafeln der Brennerautobahn A22 folgende Warnung zu lesen:<\/p>\n<blockquote><p><img loading=\"lazy\" decoding=\"async\" class=\"aligncenter wp-image-4064 size-full\" title=\"Eisglaetten.\" src=\"http:\/\/www.brennerbasisdemokratie.eu\/wp-content\/uploads\/2009\/12\/eisglaetten.gif\" alt=\"Eisglaetten.\" width=\"450\" height=\"38\" srcset=\"https:\/\/www.brennerbasisdemokratie.eu\/wp-content\/uploads\/2009\/12\/eisglaetten.gif 450w, https:\/\/www.brennerbasisdemokratie.eu\/wp-content\/uploads\/2009\/12\/eisglaetten-150x12.gif 150w, https:\/\/www.brennerbasisdemokratie.eu\/wp-content\/uploads\/2009\/12\/eisglaetten-300x25.gif 300w\" sizes=\"auto, (max-width: 450px) 100vw, 450px\" \/><\/p><\/blockquote>\n<p>Der Hinweis ist ein paradigmatisches Beispiel f\u00fcr den Umgang zahlreicher Institutionen und \u00f6ffentlicher Einrichtungen mit der deutschen Sprache:<\/p>\n<ol>\n<li>Die Leuchttafeln verf\u00fcgen \u00fcber Umlaute, da sie bei anderen Mitteilungen sehr wohl benutzt werden. Die Umschreibung von \u00d6 mit OE und \u00c4 mit AE muss demzufolge als Desinteresse gegen\u00fcber der deutschen Sprache gewertet werden;<\/li>\n<li>Das Wort \u00bbGl\u00e4tte\u00ab hat keinen Plural \u2014 das Hauptwort \u00bbGl\u00e4tten\u00ab ist die Substantivierung des gleichlautenden Verbs und ergibt hier keinen Sinn;<\/li>\n<li>Besser w\u00e4re freilich \u00bbGlatteisgefahr\u00ab gewesen, wodurch sich die Autobahn sogar die (Umschreibung der) Umlaute gespart h\u00e4tte.<\/li>\n<\/ol>\n<p>\u00c4hnliches Desinteresse legt die Brennerautobahn bei den Schneewarnungen an den Tag, die auch in der deutschen Version vom einsprachigen Logo \u00bbNEVE\u00ab begleitet werden.<br \/>\nUnd erst neulich hatte die \u00dcbersetzung von <em>rifiuti residui<\/em>&nbsp;mit <em>Abfalltrennung<\/em>&nbsp;(statt Restm\u00fcll) daf\u00fcr gesorgt, dass zwischen Brenner und Modena Dutzende (!) von Abfalleimern neu beschriftet werden mussten.<\/p>\n<p><strong><span style=\"font-family: Helvetica, Arial, sans-serif; text-transform: uppercase;\">C\u00ebla enghe:<\/span><\/strong> <a title=\"Mehrere Zuf\u00e4lle bei der Brennerautobahn.\" href=\"https:\/\/www.brennerbasisdemokratie.eu\/?p=97172\"><span style=\"color: #ff8c00\"><code>01<\/code><\/span><\/a><\/p>","protected":false},"excerpt":{"rendered":"<p>Kurz vor Weihnachten war auf den \u00dcberkopf-Leuchttafeln der Brennerautobahn A22 folgende Warnung zu lesen: Der Hinweis ist ein paradigmatisches Beispiel f\u00fcr den Umgang zahlreicher Institutionen und \u00f6ffentlicher Einrichtungen mit der deutschen Sprache: Die Leuchttafeln verf\u00fcgen \u00fcber Umlaute, da sie bei anderen Mitteilungen sehr wohl benutzt werden. Die Umschreibung von \u00d6 mit OE und \u00c4 mit [&hellip;]<\/p>","protected":false},"author":1,"featured_media":0,"comment_status":"open","ping_status":"open","sticky":false,"template":"","format":"standard","meta":{"_crdt_document":"","ngg_post_thumbnail":0,"_jetpack_memberships_contains_paid_content":false,"footnotes":""},"categories":[1],"tags":[],"class_list":["post-4063","post","type-post","status-publish","format-standard","hentry","category-allgemein","entity-a22","location-sudtirolo","language-deutsch","topic-minorisaziun","topic-mobilitaet","topic-plurilinguism","topic-sprachpfusch","topic-verbraucherinnen"],"jetpack_featured_media_url":"","jetpack_sharing_enabled":true,"_links":{"self":[{"href":"https:\/\/www.brennerbasisdemokratie.eu\/index.php?rest_route=\/wp\/v2\/posts\/4063","targetHints":{"allow":["GET"]}}],"collection":[{"href":"https:\/\/www.brennerbasisdemokratie.eu\/index.php?rest_route=\/wp\/v2\/posts"}],"about":[{"href":"https:\/\/www.brennerbasisdemokratie.eu\/index.php?rest_route=\/wp\/v2\/types\/post"}],"author":[{"embeddable":true,"href":"https:\/\/www.brennerbasisdemokratie.eu\/index.php?rest_route=\/wp\/v2\/users\/1"}],"replies":[{"embeddable":true,"href":"https:\/\/www.brennerbasisdemokratie.eu\/index.php?rest_route=%2Fwp%2Fv2%2Fcomments&post=4063"}],"version-history":[{"count":14,"href":"https:\/\/www.brennerbasisdemokratie.eu\/index.php?rest_route=\/wp\/v2\/posts\/4063\/revisions"}],"predecessor-version":[{"id":97191,"href":"https:\/\/www.brennerbasisdemokratie.eu\/index.php?rest_route=\/wp\/v2\/posts\/4063\/revisions\/97191"}],"wp:attachment":[{"href":"https:\/\/www.brennerbasisdemokratie.eu\/index.php?rest_route=%2Fwp%2Fv2%2Fmedia&parent=4063"}],"wp:term":[{"taxonomy":"category","embeddable":true,"href":"https:\/\/www.brennerbasisdemokratie.eu\/index.php?rest_route=%2Fwp%2Fv2%2Fcategories&post=4063"},{"taxonomy":"post_tag","embeddable":true,"href":"https:\/\/www.brennerbasisdemokratie.eu\/index.php?rest_route=%2Fwp%2Fv2%2Ftags&post=4063"}],"curies":[{"name":"wp","href":"https:\/\/api.w.org\/{rel}","templated":true}]}}