{"id":41,"date":"2005-12-06T22:19:00","date_gmt":"2005-12-06T21:19:00","guid":{"rendered":"http:\/\/www.selbstbestimmung.net\/?p=41"},"modified":"2025-10-08T22:37:36","modified_gmt":"2025-10-08T20:37:36","slug":"zuruckeroberung","status":"publish","type":"post","link":"https:\/\/www.brennerbasisdemokratie.eu\/?p=41","title":{"rendered":"Zur\u00fcckeroberung."},"content":{"rendered":"<p>Ich habe beschlossen, mir <img class=\"bbdlogo\" src=\"https:\/\/www.brennerbasisdemokratie.eu\/wp-content\/uploads\/bbdsmileys\/bbde.png\"> wieder anzueigenen. Nachdem der Versuch, ein gemeinsam gef\u00fchrtes Projekt aus dem <em>ff<\/em>-Forum auszulagern, gescheitert ist, werde ich hier ein \u00bbTagebuch\u00ab in eigener Sache f\u00fchren. Dazu zun\u00e4chst folgendes: Die beiden Seiten mit den Titeln <em>selfdetermination project<\/em> und <em>Brennerbasisdemokratie<\/em>&nbsp;werden unter einem gemeinsamen Dach fortgef\u00fchrt. Das Thema ist vorrangig die Erlangung eines h\u00f6heren Ma\u00dfes an Selbstverwaltung f\u00fcr S\u00fcdtirol und ein Res\u00fcmee aus meiner \u00bbLobbying\u00ab-T\u00e4tigkeit, wie ich meinen Einsatz verstehe: Linksliberaler Pr\u00e4gung, aber im gro\u00dfen und ganzen \u00fcberparteilich und unabh\u00e4ngig.<\/p>\n<p><strong>Anmerkung:<\/strong> Eine \u00c4nderung der Blogsoftware und deren Regeln gestattet es fortan, auch ohne umst\u00e4ndliche Anmeldung Kommentare zu hinterlassen. Pers\u00f6nliches Engagement der Leserinnen ist ausdr\u00fccklich erw\u00fcnscht!<\/p>","protected":false},"excerpt":{"rendered":"<p>Ich habe beschlossen, mir wieder anzueigenen. Nachdem der Versuch, ein gemeinsam gef\u00fchrtes Projekt aus dem ff-Forum auszulagern, gescheitert ist, werde ich hier ein \u00bbTagebuch\u00ab in eigener Sache f\u00fchren. Dazu zun\u00e4chst folgendes: Die beiden Seiten mit den Titeln selfdetermination project und Brennerbasisdemokratie&nbsp;werden unter einem gemeinsamen Dach fortgef\u00fchrt. Das Thema ist vorrangig die Erlangung eines h\u00f6heren Ma\u00dfes [&hellip;]<\/p>","protected":false},"author":1,"featured_media":0,"comment_status":"open","ping_status":"open","sticky":false,"template":"","format":"standard","meta":{"_crdt_document":"","ngg_post_thumbnail":0,"_jetpack_memberships_contains_paid_content":false,"footnotes":""},"categories":[1],"tags":[],"class_list":["post-41","post","type-post","status-publish","format-standard","hentry","category-allgemein","entity-bbd","location-sudtirolo","language-deutsch","medium-ff","topic-engagement","topic-interna","topic-selbstbestimmung"],"jetpack_featured_media_url":"","jetpack_sharing_enabled":true,"_links":{"self":[{"href":"https:\/\/www.brennerbasisdemokratie.eu\/index.php?rest_route=\/wp\/v2\/posts\/41","targetHints":{"allow":["GET"]}}],"collection":[{"href":"https:\/\/www.brennerbasisdemokratie.eu\/index.php?rest_route=\/wp\/v2\/posts"}],"about":[{"href":"https:\/\/www.brennerbasisdemokratie.eu\/index.php?rest_route=\/wp\/v2\/types\/post"}],"author":[{"embeddable":true,"href":"https:\/\/www.brennerbasisdemokratie.eu\/index.php?rest_route=\/wp\/v2\/users\/1"}],"replies":[{"embeddable":true,"href":"https:\/\/www.brennerbasisdemokratie.eu\/index.php?rest_route=%2Fwp%2Fv2%2Fcomments&post=41"}],"version-history":[{"count":6,"href":"https:\/\/www.brennerbasisdemokratie.eu\/index.php?rest_route=\/wp\/v2\/posts\/41\/revisions"}],"predecessor-version":[{"id":95120,"href":"https:\/\/www.brennerbasisdemokratie.eu\/index.php?rest_route=\/wp\/v2\/posts\/41\/revisions\/95120"}],"wp:attachment":[{"href":"https:\/\/www.brennerbasisdemokratie.eu\/index.php?rest_route=%2Fwp%2Fv2%2Fmedia&parent=41"}],"wp:term":[{"taxonomy":"category","embeddable":true,"href":"https:\/\/www.brennerbasisdemokratie.eu\/index.php?rest_route=%2Fwp%2Fv2%2Fcategories&post=41"},{"taxonomy":"post_tag","embeddable":true,"href":"https:\/\/www.brennerbasisdemokratie.eu\/index.php?rest_route=%2Fwp%2Fv2%2Ftags&post=41"}],"curies":[{"name":"wp","href":"https:\/\/api.w.org\/{rel}","templated":true}]}}