{"id":41037,"date":"2018-05-03T16:38:21","date_gmt":"2018-05-03T14:38:21","guid":{"rendered":"http:\/\/www.brennerbasisdemokratie.eu\/?p=41037"},"modified":"2026-03-17T19:29:19","modified_gmt":"2026-03-17T18:29:19","slug":"gegen-den-alpiniaufmarsch-in-trient","status":"publish","type":"post","link":"https:\/\/www.brennerbasisdemokratie.eu\/?p=41037","title":{"rendered":"Gegen den Alpiniaufmarsch in Trient."},"content":{"rendered":"<p>Trientner Anarchistinnen machen gegen den f\u00fcrs Wochenende vom 11. bis 13. Mai geplanten Alpiniaufmarsch in ihrer Stadt Stimmung. In einem <a title=\"Trento: \u2026il tricolore ingoiatelo\u2026\" href=\"https:\/\/romperelerighe.noblogs.org\/post\/2018\/04\/26\/trento-il-tricolore-ingoiatelo\/\" target=\"_blank\" rel=\"noopener\">Blogbeitrag<\/a> bezeichnen sie die Veranstaltung als eine Invasion von \u00bbbesoffenen, handgreiflichen und sexistischen M\u00e4nnern\u00ab.<\/p>\n<p>\u00bbWillkommensbanner, Tricolori, Flaggen und \u00e4hnliche Abscheulichkeiten\u00ab w\u00fcrden \u00fcberall aufgeh\u00e4ngt, um ein verh\u00e4ltnism\u00e4\u00dfig kleines Gebiet auf die Ankunft von 600.000 M\u00e4nnern vorzubereiten. Dabei h\u00e4tten Unbekannte w\u00e4hrend der letzten N\u00e4chte Dutzende von Flaggen und sogar ein Transparent verschwinden lassen. Es sei offensichtlich, dass die Anwesenheit der Alpini in der Stadt nicht allen passe.<\/p>\n<blockquote><p>Auch wenn der Alpini h\u00e4ufig als Helden gedacht wird oder als Menschen, die der Gemeinschaft Dienste (welche?) erweisen, vergisst man immer ihre wahre Rolle in der Geschichte. Man vergisst die Vergewaltigungen in Russland, Albanien, Griechenland; dass der Korps dem Faschismus und der Monarchie treu war; und all die Gewalt und die Frevel der weltweiten \u00bbFriedensmissionen\u00ab (Somalia, Irak, Afghanistan, Libanon); stets mit jener verfluchten Feder am Hut, die aber mit unschuldigem Blut getr\u00e4nkt ist, das nicht vergessen werden darf.<\/p>\n<p>\u2014 aus dem Blog \u2018romperelerighe\u2019<\/p><\/blockquote>\n<p><small><em>\u00dcbersetzung: <img class=\"bbdlogo\" src=\"https:\/\/www.brennerbasisdemokratie.eu\/wp-content\/uploads\/bbdsmileys\/bbde.png\"><\/em><\/small><\/p>\n<p>Abschlie\u00dfend bezeichnen die Anarchistinnen die <em>Alpini<\/em> noch als \u00bbein Rudel von M\u00f6rdern\u00ab, denen man \u2014 klar ironisch \u2014 einen warmen Empfang w\u00fcnsche.<\/p>\n<p><strong><span style=\"font-family: Helvetica, Arial, sans-serif; text-transform: uppercase;\">C\u00ebla enghe:<\/span><\/strong> <a title=\"Alpini w\u00e4hlen Leitspruch von Mussolini.\" href=\"http:\/\/www.brennerbasisdemokratie.eu\/?p=37586\"><span style=\"text-decoration:underline; text-decoration-color:#4372a6; text-decoration-thickness:3px;\"><code>01<\/code><\/span><\/a> <a title=\"Divise giuste e meno giuste.\" href=\"http:\/\/www.brennerbasisdemokratie.eu\/?p=31821\"><span style=\"text-decoration:underline; text-decoration-color:#4372a6; text-decoration-thickness:3px;\"><code>02<\/code><\/span><\/a> <a title=\"Rudi Benedikter gegen schweres Kriegsger\u00e4t.\" href=\"http:\/\/www.brennerbasisdemokratie.eu\/?p=11272\"><code>03<\/code><\/a> <a title=\"Wir: Spielverderber.\" href=\"http:\/\/www.brennerbasisdemokratie.eu\/?p=11378\"><code>04<\/code><\/a> <a title=\"Werbeveranstaltung f\u00fcr die Alpini.\" href=\"http:\/\/www.brennerbasisdemokratie.eu\/?p=11174\"><code>05<\/code><\/a> <a title=\"Si sentiva la mancanza di\u2026 una Vetta Sacra alla Patria.\" href=\"http:\/\/www.brennerbasisdemokratie.eu\/?p=40971\"><code>06<\/code><\/a> <span style=\"font-family: Helvetica, Arial, sans-serif; font-weight: normal;\">||<\/span> <a title=\"Retorica della guerra.\" href=\"https:\/\/www.brennerbasisdemokratie.eu\/?p=41202\"><span style=\"color:#ff8c00; text-decoration:underline; text-decoration-color:#ff8c00; text-decoration-thickness:3px;\"><code>01<\/code><\/span><\/a> <a title=\"Alpini, sichtbarer Widerspruch.\" href=\"https:\/\/www.brennerbasisdemokratie.eu\/?p=41114\"><span style=\"color:#ff8c00; text-decoration:underline; text-decoration-color:#ff8c00; text-decoration-thickness:3px;\"><code>02<\/code><\/span><\/a><\/p>","protected":false},"excerpt":{"rendered":"<p>Trientner Anarchistinnen machen gegen den f\u00fcrs Wochenende vom 11. bis 13. Mai geplanten Alpiniaufmarsch in ihrer Stadt Stimmung. In einem Blogbeitrag bezeichnen sie die Veranstaltung als eine Invasion von \u00bbbesoffenen, handgreiflichen und sexistischen M\u00e4nnern\u00ab. \u00bbWillkommensbanner, Tricolori, Flaggen und \u00e4hnliche Abscheulichkeiten\u00ab w\u00fcrden \u00fcberall aufgeh\u00e4ngt, um ein verh\u00e4ltnism\u00e4\u00dfig kleines Gebiet auf die Ankunft von 600.000 M\u00e4nnern vorzubereiten. [&hellip;]<\/p>","protected":false},"author":1,"featured_media":0,"comment_status":"open","ping_status":"open","sticky":false,"template":"","format":"standard","meta":{"_crdt_document":"","ngg_post_thumbnail":0,"_jetpack_memberships_contains_paid_content":false,"footnotes":""},"categories":[1],"tags":[],"class_list":["post-41037","post","type-post","status-publish","format-standard","hentry","category-allgemein","entity-alpini","issue-zitac","location-trentino","language-deutsch","topic-anarchie","topic-faschismen","topic-geschichte","topic-militar","topic-nationalismus","topic-ungehorsam"],"jetpack_featured_media_url":"","jetpack_sharing_enabled":true,"_links":{"self":[{"href":"https:\/\/www.brennerbasisdemokratie.eu\/index.php?rest_route=\/wp\/v2\/posts\/41037","targetHints":{"allow":["GET"]}}],"collection":[{"href":"https:\/\/www.brennerbasisdemokratie.eu\/index.php?rest_route=\/wp\/v2\/posts"}],"about":[{"href":"https:\/\/www.brennerbasisdemokratie.eu\/index.php?rest_route=\/wp\/v2\/types\/post"}],"author":[{"embeddable":true,"href":"https:\/\/www.brennerbasisdemokratie.eu\/index.php?rest_route=\/wp\/v2\/users\/1"}],"replies":[{"embeddable":true,"href":"https:\/\/www.brennerbasisdemokratie.eu\/index.php?rest_route=%2Fwp%2Fv2%2Fcomments&post=41037"}],"version-history":[{"count":12,"href":"https:\/\/www.brennerbasisdemokratie.eu\/index.php?rest_route=\/wp\/v2\/posts\/41037\/revisions"}],"predecessor-version":[{"id":98571,"href":"https:\/\/www.brennerbasisdemokratie.eu\/index.php?rest_route=\/wp\/v2\/posts\/41037\/revisions\/98571"}],"wp:attachment":[{"href":"https:\/\/www.brennerbasisdemokratie.eu\/index.php?rest_route=%2Fwp%2Fv2%2Fmedia&parent=41037"}],"wp:term":[{"taxonomy":"category","embeddable":true,"href":"https:\/\/www.brennerbasisdemokratie.eu\/index.php?rest_route=%2Fwp%2Fv2%2Fcategories&post=41037"},{"taxonomy":"post_tag","embeddable":true,"href":"https:\/\/www.brennerbasisdemokratie.eu\/index.php?rest_route=%2Fwp%2Fv2%2Ftags&post=41037"}],"curies":[{"name":"wp","href":"https:\/\/api.w.org\/{rel}","templated":true}]}}