{"id":41179,"date":"2018-05-13T15:35:57","date_gmt":"2018-05-13T13:35:57","guid":{"rendered":"http:\/\/www.brennerbasisdemokratie.eu\/?p=41179"},"modified":"2021-11-16T19:17:10","modified_gmt":"2021-11-16T18:17:10","slug":"digitale-nachhaltigkeit-%c2%b7-sostenibilita-digitale","status":"publish","type":"post","link":"https:\/\/www.brennerbasisdemokratie.eu\/?p=41179","title":{"rendered":"Digitale Nachhaltigkeit \u00b7 Sostenibilit\u00e0 digitale."},"content":{"rendered":"<!-- Snippets by WebberZone Snippetz --><div class=\"ata_snippets\"><hr style=\"height: 20px; border: none; margin-top: 0em; background-color: darkred;\"\/><\/div><p><em>von Markus Egger und Matthias Walln\u00f6fer<\/em><\/p>\n<p>Die <em>Gruppe digitale Nachhaltigkeit<\/em> ist durch eine Initiative von lokalen Aktivisten im <em>Free-Software<\/em>-Bereich entstanden. Warum? Wir wollen \u00fcber den Tellerrand der Technik sehen. Wir wollen den Menschen in unserem Land zeigen, dass es die M\u00f6glichkeit zu einer besseren, fairen und vor allem nachhaltigeren Digitalisierung gibt. Weiters wollen wir den Menschen zeigen, dass dies derzeit in der Digitalisierung leider sehr oft nicht der Fall ist. Derzeit gewinnt in der Digitalisierung zu oft der rein Eigenn\u00fctzige, der St\u00e4rkere, der Manipulierende, zum Nachteil des gesellschaftlichen Gemeinwohls. In Anlehnung an das Mittelalter k\u00f6nnen wir die Digitalisierung auch mit einer R\u00fcckkehr zum Lehenswesen vergleichen, die pers\u00f6nlichen Freiheiten und Rechte werden mit F\u00fc\u00dfen getreten. Die <em>Gruppe<\/em> ist damit nicht einverstanden und will Alternativen aufzeigen, voranbringen und unterst\u00fctzen, um eine Wende hervorzurufen.<\/p>\n<p>Als <em>Gruppe digitale Nachhaltigkeit<\/em> m\u00f6chten wir in n\u00e4chster Zukunft einige konkrete Aktionen auf den Weg bringen, mit denen wir \u2014 auch politische \u2014 Zeichen setzen wollen.<\/p>\n<p>Eine Diskussion zum <em>&#8220;Manifest der digitalen Nachhaltigkeit in S\u00fcdtirol&#8221;<\/em> (Link auf <a title=\"\" href=\"https:\/\/openbz.eu\">https:\/\/openbz.eu<\/a>) im Mai bildet den Auftakt zu weiteren Schritten. Das aktuelle Manifest konkretisiert einige unserer Ziele, im Besonderen zu Freier Software und offenen Datenformaten.<\/p>\n<p>Da die Digitalisierung sich nicht nur auf Programmcode und Dateiformate beschr\u00e4nkt, m\u00f6chten wir im Manifest weitere Bereiche des Lebens ber\u00fccksichtigen, die f\u00fcr eine nachhaltige Digitalisierung wichtig sind. Der Datenschutz und eine Digitalisierung der Arbeitswelt, welche die W\u00fcrde des Menschen achtet, sind nur zwei Beispiele davon. Ein neues und erweitertes Manifest soll auch als theoretisches Fundament f\u00fcr diese Ziele und Forderungen dienen.<\/p>\n<p>Wir laden euch deshalb herzlich ein, an der offenen Diskussion zum neuen Manifest und den sp\u00e4ter folgenden Aktionen teilzunehmen, mit der wir wie eingangs erw\u00e4hnt \u2014 auch politische \u2014 Zeichen setzen wollen. Weitere Informationen dazu werden auf <a title=\"\" href=\"https:\/\/openbz.eu\">https:\/\/openbz.eu<\/a> und <a title=\"\" href=\"https:\/\/openbz.eu\/?news=diskussion-zur-anpassung-des-manifests-eroeffnet&amp;lang=de\">https:\/\/openbz.eu\/?news=diskussion-zur-anpassung-des-manifests-eroeffnet&amp;lang=de<\/a> online gestellt.<\/p>\n<p>Los geht\u2019s!<\/p>\n<p style=\"text-align: center;\"><hr class=\"dotted-hr\" style=\"height: 4px; width: 100%; border: none; margin-top: 0em; margin-bottom: 0em; background-color: black;\"\/> <hr class=\"dotted-hr\" style=\"height: 4px; width: 100%; border: none; margin-top: 0em; margin-bottom: 0em; background-color: black;\"\/><\/p>\n<p><em>di Markus Egger e Matthias Walln\u00f6fer<\/em><\/p>\n<p>Il <em>gruppo sostenibilit\u00e0 digitale<\/em> \u00e8 nato a seguito di un&#8217;iniziativa di attivisti locali del software libero. Perch\u00e9? Vogliamo guardare oltre l&#8217;ambito puramente tecnico. Intendiamo dimostrare alla cittadinanza locale che esiste la possibilit\u00e0 di realizzare una digitalizzazione migliore, pi\u00f9 equa ed in particolare pi\u00f9 sostenibile. Inoltre intendiamo dimostrare che i processi di digitalizzazione attualmente molte volte vanno nella direzione opposta. Spesso succede che &#8220;vinca&#8221; semplicemente &#8220;il pi\u00f9 forte&#8221;, cio\u00e8 chi pensa solo al proprio vantaggio personale, colui che riesce a raggirare bene, a scapito del bene comune di tutta la societ\u00e0. Coniugando le terminologie del medioevo si potrebbe dire che nell&#8217;era digitale stiamo tornando ad una specie di feudalesimo, che va a pari con l&#8217;estinzione delle libert\u00e0 ed i diritti personali. In netta contraddizione a ci\u00f2 il gruppo si impegna a propagare dei concetti alternativi, che possono essere promossi, rafforzati ed infine applicati, tutto per incentivare &#8220;il cambiamento&#8221;.<\/p>\n<p>Da subito noi \u2014 come <em>gruppo sostenibilit\u00e0 digitale<\/em> \u2014 vogliamo promuovere alcune azioni concrete, per dare un segnale \u2014 anche alla politica.<\/p>\n<p>Nel mese di maggio vogliamo attivare un confronto pubblico sul <em>&#8220;Manifesto per la sostenibilit\u00e0 digitale in Alto Adige&#8221;<\/em> (vedi link su <a title=\"\" href=\"https:\/\/openbz.eu\">https:\/\/openbz.eu<\/a>), come punto di partenza per i prossimi passi da seguire. L&#8217;attuale versione del manifesto indica alcuni dei nostri obiettivi, in particolare in merito al software libero ed ai formati aperti.<\/p>\n<p>Digitalizzazione non riguarda solo sorgenti di programma e formati dei dati, perci\u00f2 tentiamo la percezione oltre, compreso gli ambiti della vita personale, lavorativa e sociale, che necessitano di una sostenibilit\u00e0 nei processi di digitalizzazione. Esempi sono la tutela dei dati e una digitalizzazione nel mondo del lavoro compatibile con la dignit\u00e0 della persona, per citarne due. Tutto sommato un manifesto nuovo ed esteso dovrebbe fungere da base teorica\/culturale anche per questi ulteriori obiettivi e rivendicazioni.<\/p>\n<p>Per questo motivo vogliamo cordialmente invitarvi a partecipare ad un confronto aperto sul testo di questo nuovo manifesto e sulle azioni future da intraprendere, grazie alle quali daremo i nostri segnali nella direzione giusta \u2014 anche in quella politica. Ulteriori informazioni saranno pubblicate su <a title=\"\" href=\"https:\/\/openbz.eu\">https:\/\/openbz.eu<\/a> e <a title=\"\" href=\"https:\/\/openbz.eu\/?news=aperta-la-discussione-per-l-aggiornamento-del-manifesto&amp;lang=it\">https:\/\/openbz.eu\/?news=aperta-la-discussione-per-l-aggiornamento-del-manifesto&amp;lang=it<\/a>.<\/p>\n<p>Partiamo subito, c&#8217;\u00e8 molta strada da fare!<\/p>\n<!-- Snippets by WebberZone Snippetz --><div class=\"ata_snippets\"><hr style=\"height: 10px;border: none;margin-top: 0px;background-color: darkred\" \/>\r\n\r\n<div style=\"background-color: none;padding: 0px;font-size: 14px;font-family: Helvetica,Arial;margin: 10px 0px 0px 0px\"><span style=\"color: darkred\"><strong><small>Autor:innen- und Gastbeitr\u00e4ge widerspiegeln nicht notwendigerweise die Meinung oder die Position von BBD, so wie die jeweiligen Verfasser:innen nicht notwendigerweise die Ziele von BBD unterst\u00fctzen.<\/small><\/strong><small>\u00b7 I contributi esterni non necessariamente riflettono le opinioni o la posizione di BBD, come a loro volta le autrici\/gli autori non necessariamente condividono gli obiettivi di BBD. \u2014 <a href=\"http:\/\/www.brennerbasisdemokratie.eu\/?page_id=11356#copyleft\"><strong>\u00a9<\/strong><\/a><\/small><\/span><\/div><\/div>","protected":false},"excerpt":{"rendered":"<p>von Markus Egger und Matthias Walln\u00f6fer Die Gruppe digitale Nachhaltigkeit ist durch eine Initiative von lokalen Aktivisten im Free-Software-Bereich entstanden. Warum? Wir wollen \u00fcber den Tellerrand der Technik sehen. Wir wollen den Menschen in unserem Land zeigen, dass es die M\u00f6glichkeit zu einer besseren, fairen und vor allem nachhaltigeren Digitalisierung gibt. Weiters wollen wir den [&hellip;]<\/p>","protected":false},"author":10,"featured_media":0,"comment_status":"open","ping_status":"open","sticky":false,"template":"","format":"standard","meta":{"_crdt_document":"","ngg_post_thumbnail":0,"_jetpack_memberships_contains_paid_content":false,"footnotes":""},"categories":[14],"tags":[],"class_list":["post-41179","post","type-post","status-publish","format-standard","hentry","category-autorinnen","language-deutsch","language-italiano","topic-bildung","topic-datenschutz","topic-engagement","topic-grundrechte","topic-politik","topic-tech_com","topic-verbraucherinnen","topic-wirtschaft"],"jetpack_featured_media_url":"","jetpack_sharing_enabled":true,"_links":{"self":[{"href":"https:\/\/www.brennerbasisdemokratie.eu\/index.php?rest_route=\/wp\/v2\/posts\/41179","targetHints":{"allow":["GET"]}}],"collection":[{"href":"https:\/\/www.brennerbasisdemokratie.eu\/index.php?rest_route=\/wp\/v2\/posts"}],"about":[{"href":"https:\/\/www.brennerbasisdemokratie.eu\/index.php?rest_route=\/wp\/v2\/types\/post"}],"author":[{"embeddable":true,"href":"https:\/\/www.brennerbasisdemokratie.eu\/index.php?rest_route=\/wp\/v2\/users\/10"}],"replies":[{"embeddable":true,"href":"https:\/\/www.brennerbasisdemokratie.eu\/index.php?rest_route=%2Fwp%2Fv2%2Fcomments&post=41179"}],"version-history":[{"count":7,"href":"https:\/\/www.brennerbasisdemokratie.eu\/index.php?rest_route=\/wp\/v2\/posts\/41179\/revisions"}],"predecessor-version":[{"id":69533,"href":"https:\/\/www.brennerbasisdemokratie.eu\/index.php?rest_route=\/wp\/v2\/posts\/41179\/revisions\/69533"}],"wp:attachment":[{"href":"https:\/\/www.brennerbasisdemokratie.eu\/index.php?rest_route=%2Fwp%2Fv2%2Fmedia&parent=41179"}],"wp:term":[{"taxonomy":"category","embeddable":true,"href":"https:\/\/www.brennerbasisdemokratie.eu\/index.php?rest_route=%2Fwp%2Fv2%2Fcategories&post=41179"},{"taxonomy":"post_tag","embeddable":true,"href":"https:\/\/www.brennerbasisdemokratie.eu\/index.php?rest_route=%2Fwp%2Fv2%2Ftags&post=41179"}],"curies":[{"name":"wp","href":"https:\/\/api.w.org\/{rel}","templated":true}]}}