{"id":41250,"date":"2018-05-20T14:58:33","date_gmt":"2018-05-20T12:58:33","guid":{"rendered":"http:\/\/www.brennerbasisdemokratie.eu\/?p=41250"},"modified":"2024-04-25T11:54:51","modified_gmt":"2024-04-25T09:54:51","slug":"bayerisches-polizeiaufgabengesetz","status":"publish","type":"post","link":"https:\/\/www.brennerbasisdemokratie.eu\/?p=41250","title":{"rendered":"Bayerisches Polizeiaufgabengesetz."},"content":{"rendered":"<p>Der Bayerische Landtag hat am Dienstag das neue sogenannte Polizeiaufgabengesetz (PAG) verabschiedet, welches die Befugnisse der Landespolizei auf besorgniserregende Weise ausweitet.<\/p>\n<p>Gegen das novellierte PAG und die damit einhergehende Einschr\u00e4nkung von Grundrechten formiert sich Widerstand: Eine breite und bunte Bewegung hat w\u00e4hrend der letzten Tage und Wochen in Kundgebungen sichtbar gemacht, was auch Repr\u00e4sentativumfragen best\u00e4tigen: Eine \u00fcberw\u00e4ltigende Mehrheit der Bayerinnen tr\u00e4gt die Versch\u00e4rfungen nicht mit.<\/p>\n<p>Und nun soll unter anderem der Landesverfassungsgerichtshof, wo ein bayerisches Spezifikum sogenannte Popularklagen erm\u00f6glicht, eingeschaltet werden. Oppositionsparteien erw\u00e4gen aber auch die Einschaltung des Bundesverfassungsgerichts (BVerfG).<\/p>\n<p>Doch Vorsicht: Selbst die sch\u00e4rfsten Gegnerinnen stellen \u2014 anders als wir es etwa in S\u00fcdtirol gewohnt sind \u2014 nicht in Frage, dass Bayern die Zust\u00e4ndigkeit hat, sein Polizeigesetz selbst\u00e4ndig und unabh\u00e4ngig von Berlin auszugestalten und zu beschlie\u00dfen. Selbst das BVerfG wird lediglich dar\u00fcber zu befinden haben, ob das PAG die vom Grundgesetz gew\u00e4hrleisteten Rechte der B\u00fcrgerinnen verletzt. So<\/p>\n<ul>\n<li>findet die ma\u00dfgebliche \u2014 auch zivilgesellschaftliche \u2014 politische Auseinandersetzung auf Landesebene statt und<\/li>\n<li>wird sich die CSU bei den kommenden Landtagswahlen f\u00fcr ihren Sicherheitswahn verantworten m\u00fcssen.<\/li>\n<\/ul>\n<p>Aus S\u00fcdtiroler Sicht ist die gesamte Angelegenheit sehr lehrreich \u2014 denn wieder einmal wird uns vor Augen gef\u00fchrt, welch weitreichende Befugnisse deutsche Bundesl\u00e4nder (alle Bundesl\u00e4nder!) haben, um wirklich relevante Fragen eigenst\u00e4ndig und nach der jeweiligen politischen Sensibilit\u00e4t vor Ort zu l\u00f6sen. Unsere angebliche \u00bbVorzeigeautonomie\u00ab ist hingegen auch diesbez\u00fcglich machtlos, denn die Aufgaben der Polizei werden in Rom festgelegt. Und so wird die Debatte, was Ordnungskr\u00e4fte d\u00fcrfen und was nicht, bei uns erst gar nie stattfinden.<\/p>\n<p><small><em>Hinweis: In einer fr\u00fcheren Fassung dieses Beitrags wurde auf kriminalstatistische Erkenntnisse verwiesen. Aufgrund der fragw\u00fcrdigen Quellenlage wurde der entsprechende Passus nachtr\u00e4glich gestrichen.<\/em><\/small><\/p>\n<p><strong><span style=\"font-family: Helvetica, Arial, sans-serif; text-transform: uppercase;\">C\u00ebla enghe:<\/span><\/strong> <a title=\"Ein Land \u2014 wie Brandenburg.\" href=\"http:\/\/www.brennerbasisdemokratie.eu\/?p=11874\"><code>01<\/code><\/a> <a title=\"Der Regional Authority Index.\" href=\"http:\/\/www.brennerbasisdemokratie.eu\/?p=37233\"><code>02<\/code><\/a> <a title=\"B\u00fcndner Kantonspolizei achtet auf Mehrsprachigkeit.\" href=\"http:\/\/www.brennerbasisdemokratie.eu\/?p=34016\"><code>03<\/code><\/a> <a title=\"Und halt schon wieder eine Zust\u00e4ndigkeit.\" href=\"http:\/\/www.brennerbasisdemokratie.eu\/?p=4701\"><code>04<\/code><\/a> <a title=\"Einb\u00fcrgerungen: Vergleich S\u00fcdtirol-Bayern.\" href=\"http:\/\/www.brennerbasisdemokratie.eu\/?p=31390\"><code>05<\/code><\/a>&nbsp;<span style=\"font-family: Helvetica, Arial, sans-serif; font-weight: normal;\">||<\/span> <a title=\"Bremen verbietet Reichs(kriegs)\u00adflagge.\" href=\"https:\/\/www.brennerbasisdemokratie.eu\/?p=60917\"><span style=\"color: #ff8c00\"><code>01<\/code><\/span><\/a> <a title=\"Ohne Bekenntnis zu Israel keine Einb\u00fcrgerung.\" href=\"https:\/\/www.brennerbasisdemokratie.eu\/?p=82520\"><span style=\"color: #ff8c00\"><code>02<\/code><\/span><\/a><\/p>","protected":false},"excerpt":{"rendered":"<p>Der Bayerische Landtag hat am Dienstag das neue sogenannte Polizeiaufgabengesetz (PAG) verabschiedet, welches die Befugnisse der Landespolizei auf besorgniserregende Weise ausweitet. Gegen das novellierte PAG und die damit einhergehende Einschr\u00e4nkung von Grundrechten formiert sich Widerstand: Eine breite und bunte Bewegung hat w\u00e4hrend der letzten Tage und Wochen in Kundgebungen sichtbar gemacht, was auch Repr\u00e4sentativumfragen best\u00e4tigen: [&hellip;]<\/p>","protected":false},"author":1,"featured_media":0,"comment_status":"open","ping_status":"open","sticky":false,"template":"","format":"standard","meta":{"_crdt_document":"","ngg_post_thumbnail":0,"_jetpack_memberships_contains_paid_content":false,"footnotes":""},"categories":[1],"tags":[],"class_list":["post-41250","post","type-post","status-publish","format-standard","hentry","category-allgemein","entity-cdu-csu","entity-verfassungsgericht","issue-autonomievergleich","issue-landespolizei","location-bayern","language-deutsch","topic-comparatio","topic-grundrechte","topic-politik","topic-polizei","topic-repression","topic-servicepublic","topic-sicherheit","topic-vorzeigeautonomie","topic-zustaendigkeiten"],"jetpack_featured_media_url":"","jetpack_sharing_enabled":true,"_links":{"self":[{"href":"https:\/\/www.brennerbasisdemokratie.eu\/index.php?rest_route=\/wp\/v2\/posts\/41250","targetHints":{"allow":["GET"]}}],"collection":[{"href":"https:\/\/www.brennerbasisdemokratie.eu\/index.php?rest_route=\/wp\/v2\/posts"}],"about":[{"href":"https:\/\/www.brennerbasisdemokratie.eu\/index.php?rest_route=\/wp\/v2\/types\/post"}],"author":[{"embeddable":true,"href":"https:\/\/www.brennerbasisdemokratie.eu\/index.php?rest_route=\/wp\/v2\/users\/1"}],"replies":[{"embeddable":true,"href":"https:\/\/www.brennerbasisdemokratie.eu\/index.php?rest_route=%2Fwp%2Fv2%2Fcomments&post=41250"}],"version-history":[{"count":15,"href":"https:\/\/www.brennerbasisdemokratie.eu\/index.php?rest_route=\/wp\/v2\/posts\/41250\/revisions"}],"predecessor-version":[{"id":85144,"href":"https:\/\/www.brennerbasisdemokratie.eu\/index.php?rest_route=\/wp\/v2\/posts\/41250\/revisions\/85144"}],"wp:attachment":[{"href":"https:\/\/www.brennerbasisdemokratie.eu\/index.php?rest_route=%2Fwp%2Fv2%2Fmedia&parent=41250"}],"wp:term":[{"taxonomy":"category","embeddable":true,"href":"https:\/\/www.brennerbasisdemokratie.eu\/index.php?rest_route=%2Fwp%2Fv2%2Fcategories&post=41250"},{"taxonomy":"post_tag","embeddable":true,"href":"https:\/\/www.brennerbasisdemokratie.eu\/index.php?rest_route=%2Fwp%2Fv2%2Ftags&post=41250"}],"curies":[{"name":"wp","href":"https:\/\/api.w.org\/{rel}","templated":true}]}}